{"id":23404,"date":"2025-11-10T12:42:05","date_gmt":"2025-11-10T12:42:05","guid":{"rendered":"https:\/\/gapral.es\/?p=23404"},"modified":"2025-11-10T12:44:28","modified_gmt":"2025-11-10T12:44:28","slug":"en-131-la-diferencia-entre-escaleras-profesionales-y-domesticas-que-puede-costarte-una-multa","status":"publish","type":"post","link":"https:\/\/gapral.es\/pt\/en-131-la-diferencia-entre-escaleras-profesionales-y-domesticas-que-puede-costarte-una-multa\/","title":{"rendered":"EN 131: a diferen\u00e7a entre escadas profissionais e dom\u00e9sticas que pode custar-lhe uma coima"},"content":{"rendered":"<article class=\"gapral-blog\">\n  <header>\n    <p class=\"lead\">A utiliza\u00e7\u00e3o de uma escada dom\u00e9stica num estaleiro de constru\u00e7\u00e3o \u00e9 ilegal. Saiba o que a norma EN 131 Profissional exige, como a Inspe\u00e7\u00e3o do Trabalho a verifica e como documentar a conformidade.<\/p>\n  <\/header>\n\n  <h2>Introdu\u00e7\u00e3o<\/h2>\n  <p>Em Espanha, todos os anos se registam numerosos acidentes devido a quedas de escadas. Muitos deles n\u00e3o s\u00e3o causados por imprud\u00eancia, mas sim por <strong>utiliza\u00e7\u00e3o de um tipo de escada incorreto<\/strong>. Desde a \u00faltima revis\u00e3o, a norma <strong>UNE-EN 131<\/strong> distingue entre escadas <em>profissionais<\/em> y <em>nacional<\/em>. Se uma escada \u201cdom\u00e9stica\u201d for utilizada num estaleiro de constru\u00e7\u00e3o ou numa f\u00e1brica, a <strong>Inspe\u00e7\u00e3o do Trabalho (ITSS)<\/strong> pode ser considerada uma infra\u00e7\u00e3o <strong>grave<\/strong> de <strong>Decreto Real 2177\/2004<\/strong>, Os trabalhos ser\u00e3o imediatamente interrompidos e ser\u00e3o aplicadas san\u00e7\u00f5es.<\/p>\n  <p class=\"note warning\"><strong>Resumo:<\/strong> Em ambientes de trabalho, \u00e9 necess\u00e1rio <strong>PT 131 Profissional<\/strong>. Dom\u00e9stico \u2260 v\u00e1lido para o local de constru\u00e7\u00e3o.<\/p>\n\n  <h2>1) O que estabelece a norma EN 131<\/h2>\n  <p>A norma europeia <strong>UNE-EN 131<\/strong> define os requisitos de conce\u00e7\u00e3o, ensaio e resist\u00eancia para as escadas port\u00e1teis. A sua revis\u00e3o introduziu uma divis\u00e3o fundamental:<\/p>\n  <table aria-label=\"Compara\u00e7\u00e3o PT 131\">\n    <thead>\n      <tr>\n        <th>Tipo<\/th><th>Utiliza\u00e7\u00e3o prevista<\/th><th>Carga m\u00e1xima<\/th><th>Testes adicionais<\/th>\n      <\/tr>\n    <\/thead>\n    <tbody>\n      <tr>\n        <td><strong>PT 131 Profissional<\/strong><\/td>\n        <td>Profissional, industrial, constru\u00e7\u00e3o, manuten\u00e7\u00e3o<\/td>\n        <td>\u2248 150 kg<\/td>\n        <td>Tor\u00e7\u00e3o, flex\u00e3o, estabilidade e durabilidade mais exigentes<\/td>\n      <\/tr>\n      <tr>\n        <td>PT 131 N\u00e3o profissional (dom\u00e9stico)<\/td>\n        <td>Dom\u00e9stica ou ocasional<\/td>\n        <td>\u2248 125 kg<\/td>\n        <td>Testes b\u00e1sicos<\/td>\n      <\/tr>\n    <\/tbody>\n  <\/table>\n  <p><strong>Cl\u00e1usula pr\u00e1tica:<\/strong> uma escada sem marca\u00e7\u00e3o vis\u00edvel \u201c<strong>PT 131 Profissional<\/strong>\u201dn\u00e3o deve ser utilizado em ambientes de trabalho.<\/p>\n\n  <h2>Quadro jur\u00eddico em Espanha<\/h2>\n  <ul>\n    <li><strong>RD 2177\/2004 + RD 1215\/1997:<\/strong> equipamento de trabalho adequado ao risco e em perfeitas condi\u00e7\u00f5es.<\/li>\n    <li><strong>Escadas = utiliza\u00e7\u00e3o a curto prazo e de baixo risco:<\/strong> se o trabalho for prolongado, optar por uma PEMT\/PTA ou um andaime.<\/li>\n    <li><strong>ITSS:<\/strong> pode exigir certificados e interromper os trabalhos se detetar um incumprimento.<\/li>\n  <\/ul>\n  <p class=\"note\">Infrac\u00e7\u00f5es t\u00edpicas: escadas sem etiqueta \u201cEN 131 Profissional\u201d, compras de bricolage utilizadas na ind\u00fastria, falta de registos de inspe\u00e7\u00e3o.<\/p>\n\n  <h2>3. Erros comuns que conduzem a san\u00e7\u00f5es<\/h2>\n  <ol>\n    <li>Comprar pelo pre\u00e7o: escolher modelos nacionais \u201cporque s\u00e3o iguais\u201d.<\/li>\n    <li>N\u00e3o inspecionar antes da utiliza\u00e7\u00e3o: degraus dobrados, presilhas gastas, fixadores defeituosos.<\/li>\n    <li>Utilize a escada como um posto de trabalho prolongado.<\/li>\n    <li>N\u00e3o fixar o suporte e a base num \u00e2ngulo de ~75\u00b0 (regra 1:4).<\/li>\n    <li>N\u00e3o registo das inspec\u00e7\u00f5es: sem registos, n\u00e3o h\u00e1 defesa ITSS.<\/li>\n  <\/ol>\n\n  <h2>4. Como identificar uma escada de acordo com a norma EN 131 Profissional<\/h2>\n  <ul>\n    <li>Marca\u00e7\u00e3o vis\u00edvel <strong>\u201cEN 131 Profissional\u201d<\/strong> (etiqueta ou grava\u00e7\u00e3o).<\/li>\n    <li>Degraus antiderrapantes e <strong>estabilizador inferior<\/strong> em extens\u00edvel &gt; 3 m.<\/li>\n    <li>Plataforma superior \u2265 25 \u00d7 25 cm (para os modelos que a incorporam).<\/li>\n    <li>Manual e <strong>declara\u00e7\u00e3o de conformidade<\/strong> do fabricante.<\/li>\n    <li>Registo de <strong>inspe\u00e7\u00e3o anual<\/strong> e visual antes de cada utiliza\u00e7\u00e3o.<\/li>\n  <\/ul>\n  <p class=\"note\"><strong>Dica Gapral:<\/strong> acrescenta um <em>QR<\/em> em cada escada com o seu registo e hist\u00f3rico de inspec\u00e7\u00f5es para mostrar a conformidade em segundos.<\/p>\n\n  <h2>5. Lista de controlo de conformidade (descarreg\u00e1vel)<\/h2>\n  <ul class=\"checklist\">\n    <li>Invent\u00e1rio completo de todas as escadas (c\u00f3digo, modelo, data, estado).<\/li>\n    <li>Remover ou substituir os modelos n\u00e3o profissionais.<\/li>\n    <li>Solicita e arquiva os certificados de conformidade do fornecedor.<\/li>\n    <li>Planear a inspe\u00e7\u00e3o anual e a verifica\u00e7\u00e3o visual antes de cada utiliza\u00e7\u00e3o.<\/li>\n    <li>Forma\u00e7\u00e3o do pessoal para uma utiliza\u00e7\u00e3o segura (\u00e2ngulo, apoio, limite de altura e alcance).<\/li>\n    <li>Assinalar o estado: \u201cAdequado \/ Fora de servi\u00e7o\u201d.<\/li>\n  <\/ul>\n\n  <h2>6. Riscos de incumprimento<\/h2>\n  <ul>\n    <li><strong>Administrativo (LISOS):<\/strong> 2 451 \u20ac - 49 180 \u20ac e mesmo a paragem do trabalho.<\/li>\n    <li><strong>Civil:<\/strong> 30-50 % (n\u00e3o segur\u00e1vel).<\/li>\n    <li><strong>Penal:<\/strong> eventual responsabilidade pessoal por acidentes graves ou mortais.<\/li>\n  <\/ul>\n\n  <h2>FAQ<\/h2>\n  <dl class=\"faq\">\n    <dt>O que significa a norma EN 131 Profissional?<\/dt>\n    <dd>Teste refor\u00e7ado para utiliza\u00e7\u00e3o profissional: carga, estabilidade e durabilidade superiores.<\/dd>\n    <dt>Posso utilizar uma escada dom\u00e9stica na minha empresa?<\/dt>\n    <dd>N\u00e3o. A EN 131 Professional deve ser utilizada em estaleiros de constru\u00e7\u00e3o ou na ind\u00fastria.\n\n\n\n\n<p><\/p>","protected":false},"excerpt":{"rendered":"<p>Usar una escalera dom\u00e9stica en obra es ilegal. Descubre qu\u00e9 exige EN 131 Professional, c\u00f3mo lo comprueba la Inspecci\u00f3n de<\/p>","protected":false},"author":1,"featured_media":23418,"comment_status":"open","ping_status":"open","sticky":false,"template":"","format":"standard","meta":{"footnotes":""},"categories":[1958],"tags":[],"class_list":["post-23404","post","type-post","status-publish","format-standard","has-post-thumbnail","hentry","category-escalera"],"_links":{"self":[{"href":"https:\/\/gapral.es\/pt\/wp-json\/wp\/v2\/posts\/23404","targetHints":{"allow":["GET"]}}],"collection":[{"href":"https:\/\/gapral.es\/pt\/wp-json\/wp\/v2\/posts"}],"about":[{"href":"https:\/\/gapral.es\/pt\/wp-json\/wp\/v2\/types\/post"}],"author":[{"embeddable":true,"href":"https:\/\/gapral.es\/pt\/wp-json\/wp\/v2\/users\/1"}],"replies":[{"embeddable":true,"href":"https:\/\/gapral.es\/pt\/wp-json\/wp\/v2\/comments?post=23404"}],"version-history":[{"count":4,"href":"https:\/\/gapral.es\/pt\/wp-json\/wp\/v2\/posts\/23404\/revisions"}],"predecessor-version":[{"id":23417,"href":"https:\/\/gapral.es\/pt\/wp-json\/wp\/v2\/posts\/23404\/revisions\/23417"}],"wp:featuredmedia":[{"embeddable":true,"href":"https:\/\/gapral.es\/pt\/wp-json\/wp\/v2\/media\/23418"}],"wp:attachment":[{"href":"https:\/\/gapral.es\/pt\/wp-json\/wp\/v2\/media?parent=23404"}],"wp:term":[{"taxonomy":"category","embeddable":true,"href":"https:\/\/gapral.es\/pt\/wp-json\/wp\/v2\/categories?post=23404"},{"taxonomy":"post_tag","embeddable":true,"href":"https:\/\/gapral.es\/pt\/wp-json\/wp\/v2\/tags?post=23404"}],"curies":[{"name":"wp","href":"https:\/\/api.w.org\/{rel}","templated":true}]}}