{"id":23481,"date":"2025-11-29T15:23:13","date_gmt":"2025-11-29T15:23:13","guid":{"rendered":"https:\/\/gapral.es\/?p=23481"},"modified":"2025-11-29T15:23:15","modified_gmt":"2025-11-29T15:23:15","slug":"los-5-errores-mas-comunes-al-usar-escaleras-que-pueden-costarte-miles-de-eu","status":"publish","type":"post","link":"https:\/\/gapral.es\/pt\/los-5-errores-mas-comunes-al-usar-escaleras-que-pueden-costarte-miles-de-eu\/","title":{"rendered":"Os 5 erros mais comuns na utiliza\u00e7\u00e3o de escadas que podem custar-lhe milhares de euros."},"content":{"rendered":"\n<!doctype html> <html lang=\"es\"> <head> <meta charset=\"utf-8\" \/> <meta name=\"viewport\" content=\"width=device-width,initial-scale=1\" \/> <title>Los 5 errores con escaleras que pueden costarte miles<\/title> <meta name=\"description\" content=\"Evita sanciones y accidentes: descubre los 5 errores m\u00e1s comunes al usar escaleras en Espa\u00f1a y medidas pr\u00e1cticas seg\u00fan RD 2177\/2004 y EN 131.\" \/> <meta name=\"keywords\" content=\"escaleras, seguridad en altura, RD 2177\/2004, EN 131, inspecci\u00f3n ITSS, prevenci\u00f3n de riesgos\" \/> <link rel=\"canonical\" href=\"https:\/\/gapral.es\/blog\/5-errores-escaleras-multas\" \/> <meta name=\"author\" content=\"Ingeniero PRL \u2014 Gapral\" \/> <style> \/* Estilos m\u00ednimos para legibilidad en CMS *\/ body{font-family:Arial,Helvetica,sans-serif;line-height:1.6;color:#222;margin:0;padding:0;background:#fff} .container{max-width:900px;margin:28px auto;padding:20px} header h1{font-size:1.9rem;margin:0 0 8px} .meta{color:#666;font-size:0.95rem;margin-bottom:18px} h2{font-size:1.25rem;margin-top:20px} h3{font-size:1.05rem;margin-top:16px} p{margin:0 0 12px} ul{margin:8px 0 12px 20px} .cta{display:inline-block;background:#0a6;border-radius:6px;padding:10px 14px;color:#fff;text-decoration:none;margin-top:14px} .note{font-size:0.9rem;color:#555;border-left:3px solid #eee;padding-left:10px;margin:12px 0} footer{border-top:1px solid #eee;padding-top:12px;margin-top:20px;color:#444;font-size:0.95rem} .refs{font-size:0.9rem;color:#444} .faq dt{font-weight:600;margin-top:8px} .faq dd{margin:0 0 10px 0} table{border-collapse:collapse;width:100%;margin:12px 0} table th, table td{border:1px solid #e6e6e6;padding:8px;text-align:left} <\/style> <\/head> <body> <main class=\"container\" role=\"main\"> <header> <h1>Los 5 errores m\u00e1s comunes al usar escaleras que pueden costarte miles de euros en sanciones<\/h1> <div class=\"meta\"> <span>Autor: Ing. T\u00e9cnico PRL \u2014 Gapral<\/span> \u00b7 <time datetime=\"2025-11-29\">29 de noviembre de 2025<\/time> \u00b7 <span>Revisi\u00f3n: normativa RD 2177\/2004 \u00b7 EN 131<\/span> <\/div> <\/header>\n<article>\n  <p>En Espa\u00f1a, las escaleras contin\u00faan siendo una herramienta omnipresente en obra, mantenimiento industrial y tareas de inspecci\u00f3n. Sin embargo, su uso incorrecto es causa frecuente de accidentes graves y, en muchos casos, de sanciones administrativas y responsabilidades civiles o penales para la empresa y su direcci\u00f3n. Este art\u00edculo explica los <strong>cinco errores<\/strong> que m\u00e1s vemos en campo y ofrece medidas pr\u00e1cticas, alineadas con la normativa espa\u00f1ola y buenas pr\u00e1cticas PRL.<\/p>\n\n  <p class=\"note\">Nota: este contenido informa sobre buenas pr\u00e1cticas y normativa de car\u00e1cter general. No constituye asesoramiento legal; para casos concretos consulte a su servicio de prevenci\u00f3n o asesor\u00eda jur\u00eddica.<\/p>\n\n  <h2>Contexto normativo y riesgo econ\u00f3mico<\/h2>\n  <p>El uso profesional de escaleras debe ajustarse a la <strong>EN 131<\/strong> y al <strong>Real Decreto 2177\/2004<\/strong>, que establece la jerarqu\u00eda de medidas (prioridad de protecci\u00f3n colectiva frente a individual). La Inspecci\u00f3n de Trabajo (ITSS) aplica esa jerarqu\u00eda y puede imponer sanciones importantes cuando se detectan pr\u00e1cticas inseguras. Adem\u00e1s, tras un accidente pueden activarse responsabilidades administrativas, civiles y penales que generen costes directos (multas) y costes colaterales (paralizaci\u00f3n de obra, recargo de prestaciones, p\u00e9rdida reputacional). :contentReference[oaicite:0]{index=0} :contentReference[oaicite:1]{index=1}<\/p>\n\n  <h2>Los 5 errores y c\u00f3mo evitarlos<\/h2>\n\n  <h3>1. Usar la escalera como puesto de trabajo para tareas prolongadas<\/h3>\n  <p><strong>Qu\u00e9 ocurre:<\/strong> convertir la escalera en plataforma para trabajos que duran m\u00e1s de unos minutos aumenta la fatiga, la p\u00e9rdida de equilibrio y el riesgo de ca\u00edda.<\/p>\n  <p><strong>Medida correcta:<\/strong> sustituir por medios m\u00e1s seguros (andamios, torres m\u00f3viles o plataformas elevadoras) cuando el trabajo supere el tiempo o las exigencias f\u00edsicas permitidas para una escalera. La jerarqu\u00eda de protecci\u00f3n obliga a priorizar soluciones colectivas. :contentReference[oaicite:2]{index=2}<\/p>\n\n  <h3>2. Empleo de escaleras no certificadas o de uso dom\u00e9stico en entornos profesionales<\/h3>\n  <p><strong>Qu\u00e9 ocurre:<\/strong> escaleras dom\u00e9sticas carecen de requisitos de resistencia y seguridad exigidos por EN 131 para uso profesional.<\/p>\n  <p><strong>Medida correcta:<\/strong> adquirir y mantener escaleras certificadas para uso profesional (EN 131, categor\u00eda correspondiente) y evitar equipamiento \u201cpara casa\u201d en obra. Mantener registro de fichas t\u00e9cnicas y certificados. :contentReference[oaicite:3]{index=3}<\/p>\n\n  <h3>3. Mala colocaci\u00f3n: \u00e1ngulo incorrecto, base inestable o sin anclaje<\/h3>\n  <p><strong>Qu\u00e9 ocurre:<\/strong> colocaci\u00f3n indebida (\u00e1ngulo muy vertical o muy horizontal), apoyo sobre superficies inestables o ausencia de estabilizadores provoca deslizamientos y vuelcos.<\/p>\n  <p><strong>Medida correcta:<\/strong> colocar la escalera a ~75\u00b0 (regla 1:4), usar calzos, estabilizadores o placas de base sobre pisos irregulares y, cuando proceda, asegurar el extremo superior. Formaci\u00f3n pr\u00e1ctica para los usuarios y chequeo antes de uso son imprescindibles. :contentReference[oaicite:4]{index=4}<\/p>\n\n  <h3>4. No inspeccionar y retirar del servicio escaleras defectuosas<\/h3>\n  <p><strong>Qu\u00e9 ocurre:<\/strong> pelda\u00f1os rotos, bisagras flojas, tacos desgastados o corrosi\u00f3n reducen la capacidad segura del equipo.<\/p>\n  <p><strong>Medida correcta:<\/strong> inspecci\u00f3n visual antes de cada uso y revisiones peri\u00f3dicas por persona competente; etiquetado de estado (OK \/ Fuera de servicio) y registro documental de inspecciones. La ausencia de mantenimiento se considera una falta grave ante la ITSS. :contentReference[oaicite:5]{index=5}<\/p>\n\n  <h3>5. Subir con cargas en mano, sin 3 puntos de apoyo o sin medios para herramientas<\/h3>\n  <p><strong>Qu\u00e9 ocurre:<\/strong> portar piezas, herramientas o manipular a dos manos desde la escalera reduce la capacidad de reacci\u00f3n y el equilibrio.<\/p>\n  <p><strong>Medida correcta:<\/strong> usar bolsas portaherramientas, sistemas de izado o asegurar el trabajador con dispositivos auxiliares cuando sea necesario; exigir siempre los <em>3 puntos de apoyo<\/em> y prohibir el transporte de cargas que comprometan la estabilidad.<\/p>\n\n  <h2>Checklist r\u00e1pido para cumplimiento y reducci\u00f3n de costes<\/h2>\n  <ul>\n    <li>\u00bfLa tarea requiere una escalera o un medio colectivo? Priorice colectiva.<\/li>\n    <li>\u00bfLa escalera est\u00e1 certificada EN 131 y marcada para uso profesional?<\/li>\n    <li>Inspecci\u00f3n previa: pelda\u00f1os, fijaciones, tacos, bloqueo.<\/li>\n    <li>Colocaci\u00f3n correcta: regla 1:4 y estabilizadores si procede.<\/li>\n    <li>Registro documental de inspecciones y formaci\u00f3n anual para operarios.<\/li>\n  <\/ul>\n\n  <h2>Peque\u00f1a tabla: cuando sustituir la escalera por otra soluci\u00f3n<\/h2>\n  <table>\n    <thead>\n      <tr><th>Situaci\u00f3n<\/th><th>Soluci\u00f3n recomendada<\/th><\/tr>\n    <\/thead>\n    <tbody>\n      <tr><td>Trabajo >15 min o esfuerzo f\u00edsico<\/td><td>Torre m\u00f3vil, andamio o plataforma elevadora<\/td><\/tr>\n      <tr><td>Acceso repetido (mantenimiento mensual)<\/td><td>Sistema colectivo permanente \/ plataforma<\/td><\/tr>\n      <tr><td>Zona con riesgo el\u00e9ctrico<\/td><td>Escalera de fibra de vidrio + EPI espec\u00edfico<\/td><\/tr>\n    <\/tbody>\n  <\/table>\n\n  <h2>Preguntas frecuentes (FAQ)<\/h2>\n  <dl class=\"faq\">\n    <dt>\u00bfCada cu\u00e1nto se debe revisar una escalera?<\/dt>\n    <dd>Inspecci\u00f3n visual antes de cada uso y revisi\u00f3n formal peri\u00f3dica por persona competente; documente las revisiones.<\/dd>\n\n    <dt>\u00bfPuedo justificar una escalera por razones de coste?<\/dt>\n    <dd>No. La normativa exige priorizar medidas colectivas; elegir una soluci\u00f3n m\u00e1s barata que incumpla esta jerarqu\u00eda puede suponer una infracci\u00f3n administrativa o un agravante en caso de accidente. :contentReference[oaicite:6]{index=6}<\/dd>\n\n    <dt>\u00bfQu\u00e9 documentaci\u00f3n puedo necesitar en una inspecci\u00f3n de la ITSS?<\/dt>\n    <dd>Registro de inspecciones y mantenimientos, fichas t\u00e9cnicas y certificados de conformidad (EN 131), formaci\u00f3n del personal y evaluaciones de riesgo que justifiquen la selecci\u00f3n del medio de acceso.<\/dd>\n  <\/dl>\n\n  <h2>Conclusi\u00f3n y siguiente paso<\/h2>\n  <p>Los fallos en el uso de escaleras suelen ser evitables y, en Espa\u00f1a, pueden acarrear consecuencias econ\u00f3micas y legales muy severas si se producen accidentes. Implantar una pol\u00edtica clara (prioridad de protecci\u00f3n colectiva, equipos certificados, inspecciones y formaci\u00f3n) reduce dr\u00e1sticamente la probabilidad de incidentes y protege tanto a trabajadores como a la direcci\u00f3n de la empresa.<\/p>\n\n  <p class=\"note\">Gapral puede ayudar: desde auditor\u00edas de cumplimiento (RD 2177\/2004) hasta suministro de escaleras certificadas y programas de formaci\u00f3n pr\u00e1ctica para operarios y mandos intermedios.<\/p>\n\n  <p>\n    <a class=\"cta\" href=\"https:\/\/gapral.es\" target=\"_blank\" rel=\"noopener noreferrer\">Solicitar auditor\u00eda de seguridad \u2014 Gapral<\/a>\n  <\/p>\n\n<\/article>\n\n<footer>\n  <div class=\"refs\">\n    <strong>Fuentes y documentaci\u00f3n de apoyo:<\/strong>\n    <ul>\n      <li>Informe de mercado y an\u00e1lisis normativo sobre trabajos en altura (Gapral \u2014 Marktanalyse). :contentReference[oaicite:7]{index=7}<\/li>\n      <li>Estudio y recomendaciones pr\u00e1cticas sobre seguridad en altura y uso de escaleras (An\u00e1lisis de la mercado \u2014 documentos t\u00e9cnicos). :contentReference[oaicite:8]{index=8}<\/li>\n      <li>Directrices estrat\u00e9gicas para venta y cumplimiento en el mercado espa\u00f1ol (Strategiegids \/ Gapral). :contentReference[oaicite:9]{index=9}<\/li>\n      <li>Investigaci\u00f3n y gu\u00edas t\u00e9cnicas sobre escaleras y trabajos en altura (res\u00famenes sectoriales). :contentReference[oaicite:10]{index=10}<\/li>\n    <\/ul>\n  <\/div>\n\n  <p>Enlace a recursos Gapral: <a href=\"https:\/\/escaleraconjaula.es\" target=\"_blank\" rel=\"noopener noreferrer\">Escaleraconjaula.es<\/a> \u00b7 <a href=\"https:\/\/comprarescalera.es\" target=\"_blank\" rel=\"noopener noreferrer\">Comprarescalera.es<\/a><\/p>\n\n  <p>\u00a9 2025 Gapral \u2014 Contenido elaborado por equipo t\u00e9cnico PRL. Para asesoramiento espec\u00edfico contacte con su servicio de prevenci\u00f3n o con nuestro equipo t\u00e9cnico.<\/p>\n<\/footer>\n\n<\/main> <!-- JSON-LD Article schema --> <script type=\"application\/ld+json\"> { \"@context\": \"https:\/\/schema.org\", \"@type\": \"Article\", \"headline\": \"Los 5 errores m\u00e1s comunes al usar escaleras que pueden costarte miles\", \"description\": \"Evita sanciones y accidentes: descubre los 5 errores m\u00e1s comunes al usar escaleras en Espa\u00f1a y medidas pr\u00e1cticas seg\u00fan RD 2177\/2004 y EN 131.\", \"mainEntityOfPage\": { \"@type\": \"WebPage\", \"@id\": \"https:\/\/gapral.es\/blog\/5-errores-escaleras-multas\" }, \"datePublished\": \"2025-11-29\", \"dateModified\": \"2025-11-29\", \"author\": { \"@type\": \"Person\", \"name\": \"Ing. T\u00e9cnico PRL \u2014 Gapral\", \"url\": \"https:\/\/gapral.es\/equipo\" }, \"publisher\": { \"@type\": \"Organization\", \"name\": \"Gapral\", \"url\": \"https:\/\/gapral.es\", \"logo\": { \"@type\": \"ImageObject\", \"url\": \"https:\/\/gapral.es\/assets\/logo-gapral.png\" } }, \"keywords\": \"escaleras, seguridad en altura, RD 2177\/2004, EN 131, inspecci\u00f3n ITSS\" } <\/script> <\/body> <\/html>\n","protected":false},"excerpt":{"rendered":"<p>Los 5 errores con escaleras que pueden costarte miles Los 5 errores m\u00e1s comunes al usar escaleras que pueden costarte<\/p>","protected":false},"author":5,"featured_media":23482,"comment_status":"open","ping_status":"open","sticky":false,"template":"","format":"standard","meta":{"footnotes":""},"categories":[1],"tags":[],"class_list":["post-23481","post","type-post","status-publish","format-standard","has-post-thumbnail","hentry","category-uncategorized"],"_links":{"self":[{"href":"https:\/\/gapral.es\/pt\/wp-json\/wp\/v2\/posts\/23481","targetHints":{"allow":["GET"]}}],"collection":[{"href":"https:\/\/gapral.es\/pt\/wp-json\/wp\/v2\/posts"}],"about":[{"href":"https:\/\/gapral.es\/pt\/wp-json\/wp\/v2\/types\/post"}],"author":[{"embeddable":true,"href":"https:\/\/gapral.es\/pt\/wp-json\/wp\/v2\/users\/5"}],"replies":[{"embeddable":true,"href":"https:\/\/gapral.es\/pt\/wp-json\/wp\/v2\/comments?post=23481"}],"version-history":[{"count":1,"href":"https:\/\/gapral.es\/pt\/wp-json\/wp\/v2\/posts\/23481\/revisions"}],"predecessor-version":[{"id":23483,"href":"https:\/\/gapral.es\/pt\/wp-json\/wp\/v2\/posts\/23481\/revisions\/23483"}],"wp:featuredmedia":[{"embeddable":true,"href":"https:\/\/gapral.es\/pt\/wp-json\/wp\/v2\/media\/23482"}],"wp:attachment":[{"href":"https:\/\/gapral.es\/pt\/wp-json\/wp\/v2\/media?parent=23481"}],"wp:term":[{"taxonomy":"category","embeddable":true,"href":"https:\/\/gapral.es\/pt\/wp-json\/wp\/v2\/categories?post=23481"},{"taxonomy":"post_tag","embeddable":true,"href":"https:\/\/gapral.es\/pt\/wp-json\/wp\/v2\/tags?post=23481"}],"curies":[{"name":"wp","href":"https:\/\/api.w.org\/{rel}","templated":true}]}}