{"id":23484,"date":"2025-11-29T15:26:12","date_gmt":"2025-11-29T15:26:12","guid":{"rendered":"https:\/\/gapral.es\/?p=23484"},"modified":"2025-11-29T15:26:14","modified_gmt":"2025-11-29T15:26:14","slug":"como-elegir-el-arnes-anticaidas-adecuado-segun-en-361-y-rd-2177-2004-guia-completa-para-prl","status":"publish","type":"post","link":"https:\/\/gapral.es\/pt\/como-elegir-el-arnes-anticaidas-adecuado-segun-en-361-y-rd-2177-2004-guia-completa-para-prl\/","title":{"rendered":"Como escolher o arn\u00eas anti-queda correto de acordo com a norma EN 361 e o RD 2177\/2004: um guia completo para PRL"},"content":{"rendered":"\n<!doctype html> <html lang=\"es\"> <head> <meta charset=\"utf-8\" \/> <meta name=\"viewport\" content=\"width=device-width,initial-scale=1\" \/> <title>C\u00f3mo elegir el arn\u00e9s antica\u00eddas | EN 361 &#038; RD 2177\/2004<\/title> <meta name=\"description\" content=\"Gu\u00eda t\u00e9cnica para t\u00e9cnicos PRL: criterios de selecci\u00f3n de arneses EN 361, requisitos del RD 2177\/2004, checklist de inspecci\u00f3n y plan de rescate.\" \/> <meta name=\"author\" content=\"Ing. Alejandro Garc\u00eda, T\u00e9cnico Superior PRL (Gapral)\" \/> <link rel=\"canonical\" href=\"https:\/\/gapral.es\/blog\/como-elegir-arnes-en-361-rd-2177-2004\" \/> <style> \/* Estilos m\u00ednimos para publicaci\u00f3n *\/ body{font-family:system-ui, -apple-system, \"Segoe UI\", Roboto, \"Helvetica Neue\", Arial; line-height:1.6; color:#111; margin:0; padding:0; background:#fff;} .container{max-width:900px;margin:28px auto;padding:24px;} header{border-bottom:1px solid #e6e6e6;padding-bottom:12px;margin-bottom:18px;} h1{font-size:1.8rem;margin:0 0 8px;} h2{font-size:1.15rem;margin:20px 0 8px;} p{margin:0 0 12px;} ul,ol{margin:0 0 12px 20px;} .meta{color:#666;font-size:0.9rem;margin-bottom:18px;} .cta{display:inline-block;background:#0b6cff;color:#fff;padding:10px 14px;border-radius:8px;text-decoration:none;margin-top:14px;} footer{border-top:1px solid #eee;margin-top:28px;padding-top:12px;color:#666;font-size:0.9rem;} .note{background:#f8f9fb;border-left:4px solid #cfe0ff;padding:10px;margin:12px 0;border-radius:6px;color:#333;} table{border-collapse:collapse;width:100%;margin:12px 0;} table th, table td{border:1px solid #e6e6e6;padding:8px;text-align:left;} .faq q{font-style:italic;} <\/style> <!-- JSON-LD Article schema --> <script type=\"application\/ld+json\"> { \"@context\": \"https:\/\/schema.org\", \"@type\": \"Article\", \"headline\": \"C\u00f3mo elegir el arn\u00e9s antica\u00eddas | EN 361 & RD 2177\/2004\", \"description\": \"Gu\u00eda t\u00e9cnica para t\u00e9cnicos PRL: criterios de selecci\u00f3n de arneses EN 361, requisitos del RD 2177\/2004, checklist de inspecci\u00f3n y plan de rescate.\", \"author\": { \"@type\": \"Person\", \"name\": \"Ing. Alejandro Garc\u00eda\", \"jobTitle\": \"T\u00e9cnico Superior PRL\", \"affiliation\": \"Gapral\" }, \"publisher\": { \"@type\": \"Organization\", \"name\": \"Gapral\", \"url\": \"https:\/\/gapral.es\" }, \"datePublished\": \"2025-11-27\", \"inLanguage\": \"es-ES\" } <\/script> <\/head> <body> <div class=\"container\"> <header> <h1>C\u00f3mo elegir el arn\u00e9s antica\u00eddas adecuado seg\u00fan EN 361 y RD 2177\/2004: gu\u00eda completa para PRL<\/h1> <div class=\"meta\"> Autor: Ing. Alejandro Garc\u00eda, T\u00e9cnico Superior PRL \u2014 Fecha: 27 de noviembre de 2025<br \/> P\u00fablico objetivo: t\u00e9cnicos de PRL, responsables de seguridad, coordinadores de obra y gestores de compras. <\/div> <\/header>\n<section>\n  <p>Seleccionar el arn\u00e9s antica\u00eddas correcto no es s\u00f3lo elegir un equipo con etiqueta: es integrar normativa, ergonom\u00eda, compatibilidad y un plan operativo (incluido el rescate) que garantice seguridad real y cumplimiento del <strong>RD 2177\/2004<\/strong> y la <strong>EN 361<\/strong>. En Espa\u00f1a la jerarqu\u00eda de medidas prioriza las soluciones colectivas; los arneses son una medida complementaria o de \u00faltimo recurso cuando las medidas colectivas no son t\u00e9cnicamente viables. :contentReference[oaicite:0]{index=0}<\/p>\n\n  <h2>1. Resumen r\u00e1pido: \u00bfqu\u00e9 exige EN 361?<\/h2>\n  <p>EN 361 especifica los requisitos m\u00ednimos para arneses dise\u00f1ados para detener una ca\u00edda. Entre los elementos esenciales est\u00e1n:<\/p>\n  <ul>\n    <li>Puntos de anclaje resistentes (dorsal y\/o esternal) con ensayo din\u00e1mico.<\/li>\n    <li>Distribuci\u00f3n de cargas (cintura, muslos y hombros) para reducir lesiones.<\/li>\n    <li>Etiquetado y documentaci\u00f3n clara (instrucciones de uso y n\u00famero de serie).<\/li>\n    <li>Compatibilidad con absorbedores EN 355, conectores EN 362 y sistemas EN 360\/EN 795.<\/li>\n  <\/ul>\n\n  <h2>2. Marco espa\u00f1ol: \u00bfqu\u00e9 a\u00f1ade el RD 2177\/2004?<\/h2>\n  <p>El RD 2177\/2004 regula trabajos en altura y establece que:<\/p>\n  <ol>\n    <li>La protecci\u00f3n colectiva tiene prioridad frente a la individual.<\/li>\n    <li>El uso de EPI antica\u00eddas exige formaci\u00f3n espec\u00edfica y procedimientos documentados.<\/li>\n    <li>Debe existir un plan de rescate operativo antes de utilizar cualquier arn\u00e9s en obra.<\/li>\n  <\/ol>\n  <p>Estas obligaciones son frecuentemente verificadas por la Inspecci\u00f3n de Trabajo; la ausencia de justificaci\u00f3n t\u00e9cnica para prescindir de medidas colectivas o la falta de plan de rescate puede suponer sanciones administrativas y responsabilidades civiles. :contentReference[oaicite:1]{index=1}<\/p>\n\n  <h2>3. Criterios t\u00e9cnicos para elegir el arn\u00e9s correcto<\/h2>\n  <p>Los siguientes criterios deben guiar la selecci\u00f3n pr\u00e1ctica, priorizando la seguridad y la adopci\u00f3n por parte del trabajador:<\/p>\n\n  <h3>3.1 Tipo de tarea<\/h3>\n  <ul>\n    <li><strong>Acceso puntual\/inspecciones<\/strong>: arneses ligeros con buena transpirabilidad.<\/li>\n    <li><strong>Trabajo en cubiertas y mantenimiento frecuente<\/strong>: arneses con puntos de anclaje m\u00faltiples y posibilidad de conexi\u00f3n a l\u00edneas permanentes.<\/li>\n    <li><strong>Trabajos verticales o rope access<\/strong>: admitir simult\u00e1neamente EN 361 (antica\u00eddas) y EN 358\/EN 341 seg\u00fan necesidad de posicionamiento y descenso.<\/li>\n    <li><strong>Operaciones que exigen rescate<\/strong>: arneses con puntos ventrales\/esternales y asas para izado o tracci\u00f3n.<\/li>\n  <\/ul>\n\n  <h3>3.2 Compatibilidad con el sistema de detenci\u00f3n<\/h3>\n  <p>Verificar siempre que:<\/p>\n  <ul>\n    <li>El punto de anclaje del arn\u00e9s es compatible con los conectores y absorbedores previstos.<\/li>\n    <li>Los absorbedores EN 355 limitan la fuerza de choque por debajo de los 6 kN recomendados.<\/li>\n    <li>Si se usan retr\u00e1ctiles (EN 360) o l\u00edneas horizontales (EN 795 \/ EN 795 clase aplicable), el punto dorsal y el dise\u00f1o del arn\u00e9s deben ser aptos para la direcci\u00f3n de carga prevista.<\/li>\n  <\/ul>\n\n  <h3>3.3 Ergonom\u00eda y aceptaci\u00f3n por el usuario<\/h3>\n  <p>La evidencia de mercado muestra que la incomodidad provoca un uso inadecuado o rechazo. Valora:<\/p>\n  <ul>\n    <li>Acolchado en hombros y muslos y materiales transpirables.<\/li>\n    <li>Sistemas de ajuste r\u00e1pidos y sim\u00e9tricos que permiten ajustes con guantes.<\/li>\n    <li>Compatibilidad con ropa de trabajo (prueba con la indumentaria real del puesto).<\/li>\n  <\/ul>\n  <p>Estas consideraciones reducen la \u201ccomfort gap\u201d y mejoran la tasa de uso correcto entre operarios. :contentReference[oaicite:2]{index=2}<\/p>\n\n  <h3>3.4 Tallas y ajuste<\/h3>\n  <p>Comprobar siempre:<\/p>\n  <ul>\n    <li>Que el t\u00e9cnico puede colocar dos dedos entre la pernera y la cinta (ajuste correcto).<\/li>\n    <li>Que el punto dorsal queda entre las esc\u00e1pulas con el trabajador en postura natural.<\/li>\n    <li>Que las correas no rozan ni quedan torsionadas con cargas de trabajo normales.<\/li>\n  <\/ul>\n\n  <h2>4. Inspecci\u00f3n, mantenimiento y vida \u00fatil<\/h2>\n  <p>Pr\u00e1cticas obligatorias:<\/p>\n  <ul>\n    <li>Inspecci\u00f3n visual <strong>antes de cada uso<\/strong> por el propio operario.<\/li>\n    <li>Inspecci\u00f3n documental y t\u00e9cnica por persona competente <strong>al menos una vez al a\u00f1o<\/strong> (o seg\u00fan recomendaciones del fabricante).<\/li>\n    <li>Retirar el equipo inmediatamente tras cualquier ca\u00edda\/impacto y documentar el retiro. No volver a usar sin verificaci\u00f3n del fabricante o persona competente.<\/li>\n  <\/ul>\n\n  <h2>5. Checklist de selecci\u00f3n r\u00e1pida (para t\u00e9cnicos PRL)<\/h2>\n  <table aria-label=\"Checklist selecci\u00f3n arn\u00e9s\">\n    <thead>\n      <tr><th>Pregunta<\/th><th>Verificaci\u00f3n<\/th><\/tr>\n    <\/thead>\n    <tbody>\n      <tr><td>\u00bfSe ha descartado la protecci\u00f3n colectiva?<\/td><td>S\u00ed \/ No \u2014 justificar t\u00e9cnicamente<\/td><\/tr>\n      <tr><td>\u00bfEst\u00e1 el arn\u00e9s certificado EN 361?<\/td><td>S\u00ed \u2014 conservar ficha t\u00e9cnica<\/td><\/tr>\n      <tr><td>\u00bfExiste plan de rescate comprobado?<\/td><td>S\u00ed \u2014 documento operativo y pruebas<\/td><\/tr>\n      <tr><td>\u00bfEs compatible con absorbedor\/conector\/linea?<\/td><td>S\u00ed \u2014 verificar ensayos<\/td><\/tr>\n      <tr><td>\u00bfSe ha probado la talla y confort con ropa real?<\/td><td>S\u00ed \u2014 registrar aceptaci\u00f3n<\/td><\/tr>\n      <tr><td>\u00bfInspecci\u00f3n anual programada?<\/td><td>S\u00ed \u2014 fecha pr\u00f3xima: ____<\/td><\/tr>\n    <\/tbody>\n  <\/table>\n\n  <h2>6. Errores frecuentes y c\u00f3mo evitarlos<\/h2>\n  <ol>\n    <li>Elegir arn\u00e9s por precio sin evaluar uso intensivo o compatibilidad \u2192 <em>soluci\u00f3n<\/em>: exigir ficha t\u00e9cnica y plan de uso.<\/li>\n    <li>No disponer de plan de rescate operativo \u2192 <em>soluci\u00f3n<\/em>: redactar y ensayar plan antes del trabajo.<\/li>\n    <li>Usar arn\u00e9s como soluci\u00f3n cuando hay alternativas colectivas viables \u2192 <em>soluci\u00f3n<\/em>: auditor\u00eda t\u00e9cnica previa (documentada).<\/li>\n    <li>No inspeccionar tras ca\u00edda \u2192 <em>soluci\u00f3n<\/em>: retirar y sustituir equipo tras impacto.<\/li>\n  <\/ol>\n\n  <div class=\"note\">\n    Nota: este art\u00edculo resume criterios t\u00e9cnicos y normativos para Espa\u00f1a; no constituye asesoramiento legal. Para interpretaci\u00f3n legal espec\u00edfica del RD 2177\/2004 o la Ley 31\/1995 consulte a su asesor jur\u00eddico o a la documentaci\u00f3n oficial. :contentReference[oaicite:3]{index=3}\n  <\/div>\n\n  <h2>FAQ \u2014 Preguntas habituales<\/h2>\n  <div class=\"faq\">\n    <h3>\u00bfPuedo usar un arn\u00e9s si no existe un plan de rescate?<\/h3>\n    <p>No. El RD y la buena pr\u00e1ctica obligan a un plan de rescate operativo antes de autorizar trabajos con arn\u00e9s.<\/p>\n\n    <h3>\u00bfCada cu\u00e1nto se revisa un arn\u00e9s?<\/h3>\n    <p>Inspecci\u00f3n visual antes de cada uso; revisi\u00f3n t\u00e9cnica documentada al menos una vez al a\u00f1o por persona competente o seg\u00fan indicaci\u00f3n del fabricante.<\/p>\n\n    <h3>\u00bfEl arn\u00e9s sustituye a una barandilla?<\/h3>\n    <p>No. La jerarqu\u00eda de medidas prioriza la protecci\u00f3n colectiva (barandilla, red, plataforma). El arn\u00e9s es complemento o \u00faltima opci\u00f3n si la colectiva no es viable t\u00e9cnicamente.<\/p>\n  <\/div>\n\n  <h2>Referencias y recursos<\/h2>\n  <ul>\n    <li>Real Decreto 2177\/2004 \u2014 normativa espa\u00f1ola sobre trabajos en altura (resumen interno y an\u00e1lisis). :contentReference[oaicite:4]{index=4}<\/li>\n    <li>Gu\u00edas t\u00e9cnicas y an\u00e1lisis de mercado sobre seguridad en altura y aceptaci\u00f3n de EPI (informes Gapral). :contentReference[oaicite:5]{index=5}<\/li>\n    <li>Documentaci\u00f3n t\u00e9cnica interna sobre prioridades de protecci\u00f3n colectiva y cumplimiento (Gapral strategic guide). :contentReference[oaicite:6]{index=6}<\/li>\n  <\/ul>\n\n  <p><strong>\u00bfNecesitas ayuda para seleccionar arneses para un proyecto concreto?<\/strong> Gapral ofrece auditor\u00edas in situ, pruebas de equipos con operarios reales y elaboraci\u00f3n de planes de rescate adaptados. <a class=\"cta\" href=\"https:\/\/gapral.es\">Solicita una consultor\u00eda<\/a><\/p>\n\n  <footer>\n    <p>Enlaces internos: <a href=\"https:\/\/gapral.es\">Gapral.es<\/a> \u00b7 <a href=\"https:\/\/escaleraconjaula.es\" target=\"_blank\" rel=\"noopener\">Escaleraconjaula.es<\/a> \u00b7 <a href=\"https:\/\/comprarescalera.es\" target=\"_blank\" rel=\"noopener\">Comprarescalera.es<\/a><\/p>\n    <p>Contacto editorial: info@gapral.es \u2014 Gapral no ofrece asesoramiento legal; consulte a su asesor jur\u00eddico para interpretar obligaciones legales concretas.<\/p>\n  <\/footer>\n<\/section>\n\n<\/div> <\/body> <\/html>\n","protected":false},"excerpt":{"rendered":"<p>C\u00f3mo elegir el arn\u00e9s antica\u00eddas | EN 361 &#038; RD 2177\/2004 C\u00f3mo elegir el arn\u00e9s antica\u00eddas adecuado seg\u00fan EN 361<\/p>","protected":false},"author":5,"featured_media":23479,"comment_status":"open","ping_status":"open","sticky":false,"template":"","format":"standard","meta":{"footnotes":""},"categories":[1],"tags":[],"class_list":["post-23484","post","type-post","status-publish","format-standard","has-post-thumbnail","hentry","category-uncategorized"],"_links":{"self":[{"href":"https:\/\/gapral.es\/pt\/wp-json\/wp\/v2\/posts\/23484","targetHints":{"allow":["GET"]}}],"collection":[{"href":"https:\/\/gapral.es\/pt\/wp-json\/wp\/v2\/posts"}],"about":[{"href":"https:\/\/gapral.es\/pt\/wp-json\/wp\/v2\/types\/post"}],"author":[{"embeddable":true,"href":"https:\/\/gapral.es\/pt\/wp-json\/wp\/v2\/users\/5"}],"replies":[{"embeddable":true,"href":"https:\/\/gapral.es\/pt\/wp-json\/wp\/v2\/comments?post=23484"}],"version-history":[{"count":1,"href":"https:\/\/gapral.es\/pt\/wp-json\/wp\/v2\/posts\/23484\/revisions"}],"predecessor-version":[{"id":23485,"href":"https:\/\/gapral.es\/pt\/wp-json\/wp\/v2\/posts\/23484\/revisions\/23485"}],"wp:featuredmedia":[{"embeddable":true,"href":"https:\/\/gapral.es\/pt\/wp-json\/wp\/v2\/media\/23479"}],"wp:attachment":[{"href":"https:\/\/gapral.es\/pt\/wp-json\/wp\/v2\/media?parent=23484"}],"wp:term":[{"taxonomy":"category","embeddable":true,"href":"https:\/\/gapral.es\/pt\/wp-json\/wp\/v2\/categories?post=23484"},{"taxonomy":"post_tag","embeddable":true,"href":"https:\/\/gapral.es\/pt\/wp-json\/wp\/v2\/tags?post=23484"}],"curies":[{"name":"wp","href":"https:\/\/api.w.org\/{rel}","templated":true}]}}