{"id":23489,"date":"2025-12-03T19:19:02","date_gmt":"2025-12-03T19:19:02","guid":{"rendered":"https:\/\/gapral.es\/?p=23489"},"modified":"2025-12-03T19:19:04","modified_gmt":"2025-12-03T19:19:04","slug":"fibra-de-vidrio-vs-aluminio-que-escalera-es-realmente-segura-para-trabajos-electricos-en-espana","status":"publish","type":"post","link":"https:\/\/gapral.es\/pt\/fibra-de-vidrio-vs-aluminio-que-escalera-es-realmente-segura-para-trabajos-electricos-en-espana\/","title":{"rendered":"Fibra de vidro vs. alum\u00ednio: que escada \u00e9 realmente segura para trabalhos el\u00e9ctricos em Espanha?"},"content":{"rendered":"<!doctype html>\n<html lang=\"es\">\n<head>\n  <meta charset=\"utf-8\">\n  <meta http-equiv=\"X-UA-Compatible\" content=\"IE=edge\">\n  <meta name=\"viewport\" content=\"width=device-width, initial-scale=1\">\n\n  <!-- SEO metadata -->\n  <title>Fibra vs Aluminio: Escaleras seguras para trabajos el\u00e9ctricos<\/title>\n  <meta name=\"description\" content=\"Comparativa t\u00e9cnica y normativa: por qu\u00e9 la fibra de vidrio es la opci\u00f3n recomendada para trabajos el\u00e9ctricos en Espa\u00f1a. Gu\u00eda para t\u00e9cnicos PRL.\" \/>\n  <meta name=\"keywords\" content=\"escaleras fibra vidrio, escalera aluminio electricidad, trabajo en altura Espa\u00f1a, RD 2177\/2004, EN 131\" \/>\n  <link rel=\"canonical\" href=\"https:\/\/www.gapral.es\/blog\/fibra-vs-aluminio-escaleras-electricos\" \/>\n\n  <!-- Open Graph -->\n  <meta property=\"og:site_name\" content=\"Gapral\" \/>\n  <meta property=\"og:title\" content=\"Fibra vs Aluminio: Escaleras seguras para trabajos el\u00e9ctricos\" \/>\n  <meta property=\"og:description\" content=\"Comparativa t\u00e9cnica y normativa: por qu\u00e9 la fibra de vidrio es la opci\u00f3n recomendada para trabajos el\u00e9ctricos en Espa\u00f1a.\" \/>\n  <meta property=\"og:type\" content=\"article\" \/>\n\n  <style>\n    body{font-family:system-ui,-apple-system,Segoe UI,Roboto,'Helvetica Neue',Arial;line-height:1.6;color:#1a1a1a;padding:28px;max-width:900px;margin:0 auto}\n    header{margin-bottom:18px}\n    h1{font-size:28px;margin:8px 0}\n    h2{font-size:20px;margin:20px 0 10px}\n    p{margin:8px 0}\n    .meta{color:#666;font-size:14px;margin-bottom:18px}\n    .cta{display:inline-block;background:#004aad;color:#fff;padding:12px 18px;border-radius:8px;text-decoration:none;margin-top:18px}\n    ul{margin:8px 0 16px 20px}\n    .faq dt{font-weight:600;margin-top:12px}\n    footer{border-top:1px solid #eee;padding-top:12px;margin-top:22px;color:#555;font-size:14px}\n    .small{font-size:13px;color:#666}\n  <\/style>\n<\/head>\n<body>\n\n<article>\n  <header>\n    <p class=\"small\">Autor: <strong>Engenheiro de seguran\u00e7a - Gapral<\/strong> | Data: <time datetime=\"2025-12-04\">4 de dezembro de 2025<\/time><\/p>\n    <h1>Fibra de vidro vs. alum\u00ednio: que escada \u00e9 realmente segura para trabalhos el\u00e9ctricos em Espanha?<\/h1>\n    <p class=\"meta\">Guia t\u00e9cnico e pr\u00e1tico para t\u00e9cnicos de PRL, electricistas e gestores de manuten\u00e7\u00e3o. Inclui regulamentos aplic\u00e1veis, compara\u00e7\u00e3o t\u00e9cnica e recomenda\u00e7\u00f5es de compra.<\/p>\n  <\/header>\n\n  <section>\n    <h2>Resumo<\/h2>\n    <p>Nos trabalhos em que existe um risco el\u00e9trico, a escolha do material da escada n\u00e3o \u00e9 um pormenor: \u00e9 uma decis\u00e3o preventiva. Em Espanha, e de acordo com a interpreta\u00e7\u00e3o pr\u00e1tica do <em>Decreto Real 2177\/2004<\/em> e as diretrizes t\u00e9cnicas do INSST, as escadas de fibra de vidro s\u00e3o a escolha recomendada para actividades pr\u00f3ximas de instala\u00e7\u00f5es energizadas. Este guia explica porqu\u00ea, quais as normas a verificar e quais os crit\u00e9rios a seguir na compra ou especifica\u00e7\u00e3o de escadas para trabalhos el\u00e9ctricos.<\/p>\n  <\/section>\n\n  <section>\n    <h2>1. regulamentos aplic\u00e1veis: o essencial que um t\u00e9cnico deve saber<\/h2>\n    <p>Antes de mais, \u00e9 importante recordar os quadros regulamentares relevantes em Espanha:<\/p>\n    <ul>\n      <li><strong>Decreto Real 2177\/2004<\/strong>D\u00e1 prioridade \u00e0s medidas colectivas e limita a utiliza\u00e7\u00e3o de escadas a trabalhos de curta dura\u00e7\u00e3o ou quando n\u00e3o existe uma alternativa t\u00e9cnica mais segura.<\/li>\n      <li><strong>PT 131<\/strong>Norma europeia que regula a conce\u00e7\u00e3o, a resist\u00eancia e a classifica\u00e7\u00e3o das escadas; a distin\u00e7\u00e3o entre utiliza\u00e7\u00e3o profissional e n\u00e3o profissional \u00e9 fundamental.<\/li>\n      <li><strong>Notas T\u00e9cnicas do INSST (NTP)<\/strong>Guias pr\u00e1ticos sobre a sele\u00e7\u00e3o e utiliza\u00e7\u00e3o de escadas e outros meios de acesso.<\/li>\n    <\/ul>\n    <p>Estes documentos definem o quadro: a seguran\u00e7a deve prevalecer sobre o custo e as escadas devem ser sujeitas a uma inspe\u00e7\u00e3o e manuten\u00e7\u00e3o regulares.<\/p>\n  <\/section>\n\n  <section>\n    <h2>2. Compara\u00e7\u00e3o t\u00e9cnica: fibra de vidro vs. alum\u00ednio<\/h2>\n    <h3>Escadas em fibra de vidro<\/h3>\n    <ul>\n      <li><strong>Propriedade de isolamento:<\/strong> reduzir o risco de condu\u00e7\u00e3o el\u00e9ctrica em caso de contacto acidental.<\/li>\n      <li><strong>Resist\u00eancia \u00e0 corros\u00e3o:<\/strong> adequado para ambientes industriais e exteriores.<\/li>\n      <li><strong>Robustez:<\/strong> boa resposta \u00e0s for\u00e7as laterais e \u00e0 utiliza\u00e7\u00e3o profissional intensiva.<\/li>\n    <\/ul>\n\n    <h3>Escadas de alum\u00ednio<\/h3>\n    <ul>\n      <li><strong>Leve e manobr\u00e1vel:<\/strong> vantagens log\u00edsticas evidentes.<\/li>\n      <li><strong>Condutividade el\u00e9ctrica:<\/strong> constituem um risco na presen\u00e7a de tens\u00e3o, pelo que a sua utiliza\u00e7\u00e3o em trabalhos el\u00e9ctricos deve ser evitada, a menos que exista uma garantia de aus\u00eancia total de tens\u00e3o.<\/li>\n    <\/ul>\n  <\/section>\n\n  <section>\n    <h2>3. Riscos observados na pr\u00e1tica<\/h2>\n    <p>A utiliza\u00e7\u00e3o de escadas met\u00e1licas em ambientes el\u00e9ctricos aumenta a probabilidade de: (a) eletrocuss\u00e3o por contacto direto, (b) arco el\u00e9trico devido \u00e0 proximidade e (c) consequ\u00eancias catastr\u00f3ficas de falhas imprevistas na instala\u00e7\u00e3o. Em contrapartida, as escadas de fibra reduzem drasticamente estes cen\u00e1rios de risco.<\/p>\n  <\/section>\n\n  <section>\n    <h2>4. Recomenda\u00e7\u00f5es pr\u00e1ticas para os gestores de SST e de compras<\/h2>\n    <ol>\n      <li>Estabelecer prioridades <strong>escadas em fibra de vidro com certifica\u00e7\u00e3o EN 131 (uso profissional)<\/strong> para qualquer interven\u00e7\u00e3o na proximidade de elementos el\u00e9ctricos.<\/li>\n      <li>Verificar se a escada incorpora <em>degraus antiderrapantes<\/em>, A base estabilizadora e, se for caso disso, os pontos de amarra\u00e7\u00e3o para os EPI.<\/li>\n      <li>Efetuar uma inspe\u00e7\u00e3o visual antes de cada utiliza\u00e7\u00e3o e programar revis\u00f5es peri\u00f3dicas documentadas.<\/li>\n      <li>Quando o trabalho for prolongado, considerar solu\u00e7\u00f5es alternativas (andaimes, plataformas EN 131-7) para reduzir a fadiga e melhorar a ergonomia.<\/li>\n      <li>Incluir na avalia\u00e7\u00e3o dos riscos a possibilidade de trabalhar sob tens\u00e3o e registar a justifica\u00e7\u00e3o t\u00e9cnica se for escolhida uma escada que n\u00e3o seja de fibra.<\/li>\n    <\/ol>\n  <\/section>\n\n  <section>\n    <h2>5. Crit\u00e9rios de compra e especifica\u00e7\u00f5es t\u00e9cnicas<\/h2>\n    <p>Ao preparar uma folha ou encomenda, incluir sempre:<\/p>\n    <ul>\n      <li>Refer\u00eancia ao <strong>PT 131<\/strong> e a condi\u00e7\u00e3o de <em>utiliza\u00e7\u00e3o profissional<\/em>.<\/li>\n      <li>Capacidade de carga m\u00ednima de acordo com a utiliza\u00e7\u00e3o industrial (classe profissional de acordo com o fabricante).<\/li>\n      <li>Manual de garantias de fabrico e de manuten\u00e7\u00e3o em espanhol.<\/li>\n      <li>Documenta\u00e7\u00e3o de ensaio diel\u00e9trico se se destinar a ser utilizado em ambientes eletricamente perigosos.<\/li>\n    <\/ul>\n  <\/section>\n\n  <section>\n    <h2>6. Perguntas mais frequentes (FAQ)<\/h2>\n    <dl class=\"faq\">\n      <dt>Posso utilizar uma escada de alum\u00ednio se desligar a corrente el\u00e9ctrica?<\/dt>\n      <dd>Se houver certeza t\u00e9cnica e documental da aus\u00eancia de tens\u00e3o (bloqueio\/marca\u00e7\u00e3o) e a avalia\u00e7\u00e3o de risco o autorizar, \u00e9 poss\u00edvel; no entanto, a melhor pr\u00e1tica em instala\u00e7\u00f5es com risco \u00e9 utilizar fibra de vidro.<\/dd>\n\n      <dt>A fibra de vidro \u00e9 infal\u00edvel contra a eletricidade?<\/dt>\n      <dd>A fibra \u00e9 um material com propriedades isolantes, mas nenhuma medida \u00e9 100% infal\u00edvel: manter a dist\u00e2ncia, usar EPI e seguir procedimentos de trabalho seguros continuam a ser essenciais.<\/dd>\n\n      <dt>Com que frequ\u00eancia \u00e9 que uma escada profissional tem de ser verificada?<\/dt>\n      <dd>Inspe\u00e7\u00e3o visual antes de cada utiliza\u00e7\u00e3o e revis\u00e3o t\u00e9cnica peri\u00f3dica de acordo com a pol\u00edtica da empresa e as recomenda\u00e7\u00f5es do fabricante; documentar as inspec\u00e7\u00f5es.<\/dd>\n    <\/dl>\n  <\/section>\n\n  <section>\n    <h2>7. Conclus\u00e3o<\/h2>\n    <p>Para os trabalhos de eletricidade em Espanha, a escolha segura e justificada \u00e9 a <strong>escada de fibra de vidro certificada para uso profissional<\/strong>. Esta escolha est\u00e1 em conformidade com a filosofia preventiva do quadro regulamentar espanhol e reduz os riscos el\u00e9ctricos evit\u00e1veis. A escolha correta n\u00e3o protege apenas o trabalhador: protege a empresa contra san\u00e7\u00f5es, reclama\u00e7\u00f5es e custos humanos.<\/p>\n\n    <a class=\"cta\" href=\"https:\/\/gapral.es\/pt\/\" target=\"_blank\" rel=\"noopener\">Explorar as solu\u00e7\u00f5es Gapral<\/a>\n  <\/section>\n\n  <footer>\n    <p class=\"small\">Refer\u00eancias e leituras recomendadas: Real Decreto 2177\/2004; EN 131; INSST NTP. Para conselhos t\u00e9cnicos espec\u00edficos, consultar um t\u00e9cnico de preven\u00e7\u00e3o ou o servi\u00e7o t\u00e9cnico da Gapral.<\/p>\n    <p class=\"small\">Liga\u00e7\u00f5es \u00fateis: <a href=\"https:\/\/gapral.es\/pt\/\">Gapral.com.br<\/a> | <a href=\"https:\/\/escaleraconjaula.es\" target=\"_blank\" rel=\"noopener\">Escaleraconjaula.es<\/a> | <a href=\"https:\/\/comprarescalera.es\" target=\"_blank\" rel=\"noopener\">Comprarescalera.es<\/a><\/p>\n  <\/footer>\n<\/article>\n\n<!-- JSON-LD Article Schema -->\n<script type=\"application\/ld+json\">\n{\n  \"@context\": \"https:\/\/schema.org\",\n  \"@type\": \"Article\",\n  \"mainEntityOfPage\": {\n    \"@type\": \"WebPage\",\n    \"@id\": \"https:\/\/www.gapral.es\/blog\/fibra-vs-aluminio-escaleras-electricos\"\n  },\n  \"headline\": \"Fibra de vidrio vs. aluminio: Escaleras seguras para trabajos el\u00e9ctricos\",\n  \"description\": \"Comparativa t\u00e9cnica y normativa: por qu\u00e9 la fibra de vidrio es la opci\u00f3n recomendada para trabajos el\u00e9ctricos en Espa\u00f1a.\",\n  \"image\": \"https:\/\/www.gapral.es\/assets\/img\/fibra-vs-aluminio.jpg\",\n  \"author\": {\n    \"@type\": \"Person\",\n    \"name\": \"Ingeniero de Seguridad \u2013 Gapral\"\n  },\n  \"publisher\": {\n    \"@type\": \"Organization\",\n    \"name\": \"Gapral\",\n    \"logo\": {\n      \"@type\": \"ImageObject\",\n      \"url\": \"https:\/\/www.gapral.es\/assets\/img\/logo-gapral.png\"\n    }\n  },\n  \"datePublished\": \"2025-12-04\",\n  \"dateModified\": \"2025-12-04\",\n  \"inLanguage\": \"es-ES\"\n}\n<\/script>\n\n<\/body>\n<\/html>","protected":false},"excerpt":{"rendered":"<p>Fibra vs Aluminio: Escaleras seguras para trabajos el\u00e9ctricos Autor: Ingeniero de Seguridad \u2013 Gapral | Fecha: 4 de diciembre de<\/p>","protected":false},"author":5,"featured_media":23490,"comment_status":"open","ping_status":"open","sticky":false,"template":"","format":"standard","meta":{"footnotes":""},"categories":[1],"tags":[],"class_list":["post-23489","post","type-post","status-publish","format-standard","has-post-thumbnail","hentry","category-uncategorized"],"_links":{"self":[{"href":"https:\/\/gapral.es\/pt\/wp-json\/wp\/v2\/posts\/23489","targetHints":{"allow":["GET"]}}],"collection":[{"href":"https:\/\/gapral.es\/pt\/wp-json\/wp\/v2\/posts"}],"about":[{"href":"https:\/\/gapral.es\/pt\/wp-json\/wp\/v2\/types\/post"}],"author":[{"embeddable":true,"href":"https:\/\/gapral.es\/pt\/wp-json\/wp\/v2\/users\/5"}],"replies":[{"embeddable":true,"href":"https:\/\/gapral.es\/pt\/wp-json\/wp\/v2\/comments?post=23489"}],"version-history":[{"count":1,"href":"https:\/\/gapral.es\/pt\/wp-json\/wp\/v2\/posts\/23489\/revisions"}],"predecessor-version":[{"id":23491,"href":"https:\/\/gapral.es\/pt\/wp-json\/wp\/v2\/posts\/23489\/revisions\/23491"}],"wp:featuredmedia":[{"embeddable":true,"href":"https:\/\/gapral.es\/pt\/wp-json\/wp\/v2\/media\/23490"}],"wp:attachment":[{"href":"https:\/\/gapral.es\/pt\/wp-json\/wp\/v2\/media?parent=23489"}],"wp:term":[{"taxonomy":"category","embeddable":true,"href":"https:\/\/gapral.es\/pt\/wp-json\/wp\/v2\/categories?post=23489"},{"taxonomy":"post_tag","embeddable":true,"href":"https:\/\/gapral.es\/pt\/wp-json\/wp\/v2\/tags?post=23489"}],"curies":[{"name":"wp","href":"https:\/\/api.w.org\/{rel}","templated":true}]}}