{"id":23495,"date":"2025-12-03T22:04:54","date_gmt":"2025-12-03T22:04:54","guid":{"rendered":"https:\/\/gapral.es\/?p=23495"},"modified":"2025-12-03T22:04:56","modified_gmt":"2025-12-03T22:04:56","slug":"dakrandbeveiliging-en-rd-2177-2004-que-exige-realmente-la-ley-espanola","status":"publish","type":"post","link":"https:\/\/gapral.es\/pt\/dakrandbeveiliging-en-rd-2177-2004-que-exige-realmente-la-ley-espanola\/","title":{"rendered":"Dakrandbeveiliging en RD 2177\/2004: O que a lei espanhola exige de facto"},"content":{"rendered":"<!doctype html>\n<html lang=\"es\">\n<head>\n  <meta charset=\"utf-8\">\n  <meta name=\"viewport\" content=\"width=device-width,initial-scale=1\">\n  <title>Dakrandbeveiliging y RD 2177\/2004: requisitos legales<\/title>\n  <meta name=\"description\" content=\"Resumen pr\u00e1ctico de qu\u00e9 exige el RD 2177\/2004 sobre protecci\u00f3n colectiva en cubiertas y c\u00f3mo cumplir EN 13374.\">\n  <meta name=\"keywords\" content=\"Dakrandbeveiliging, RD 2177\/2004, EN 13374, protecci\u00f3n colectiva, barandillas, trabajos en altura\">\n  <meta name=\"author\" content=\"Ing. T\u00e9cnico PRL - Gapral\">\n  <link rel=\"canonical\" href=\"https:\/\/gapral.es\/blog\/dakrandbeveiliging-rd2177\">\n  <style>\n    body{font-family:Arial,Helvetica,sans-serif;line-height:1.6;color:#222;margin:0;padding:0;background:#f7f7f7}\n    .container{max-width:900px;margin:36px auto;background:#fff;padding:28px;border-radius:8px;box-shadow:0 6px 20px rgba(0,0,0,0.06)}\n    h1{font-size:28px;margin-bottom:6px}\n    h2{font-size:20px;margin-top:22px}\n    p{margin:10px 0}\n    ul,ol{margin:10px 0 10px 20px}\n    .meta{color:#666;font-size:14px;margin-bottom:18px}\n    .cta{display:inline-block;margin-top:18px;padding:10px 14px;background:#0b63c6;color:#fff;border-radius:6px;text-decoration:none}\n    .references{font-size:14px;color:#444;margin-top:22px}\n    .faq dt{font-weight:700;margin-top:12px}\n    .small{font-size:13px;color:#666}\n    table{border-collapse:collapse;width:100%;margin:12px 0}\n    table,th,td{border:1px solid #e0e0e0;padding:8px}\n  <\/style>\n<\/head>\n<body>\n  <article class=\"container\" itemscope itemtype=\"http:\/\/schema.org\/Article\">\n    <header>\n      <h1 itemprop=\"headline\">Dakrandbeveiliging en RD 2177\/2004: O que a lei espanhola exige de facto<\/h1>\n      <div class=\"meta\">\n        <span itemprop=\"author\">Engenheiro t\u00e9cnico PRL - Gapral<\/span> \u2022 <time itemprop=\"datePublished\" datetime=\"2025-12-04\">4 de dezembro de 2025<\/time>\n      <\/div>\n    <\/header>\n\n    <section>\n      <p>O <strong>prote\u00e7\u00e3o colectiva<\/strong> nos bordos do conv\u00e9s (dakrandbeveiliging) \u00e9 a primeira barreira contra as quedas de altura. Este artigo explica, de forma pr\u00e1tica, o que \u00e9 exigido pela Diretiva <strong>Decreto Real 2177\/2004<\/strong>, como aplicar a norma <strong>UNE-EN 13374<\/strong> e que documenta\u00e7\u00e3o deve ter pronta para as inspec\u00e7\u00f5es.<\/p>\n    <\/section>\n\n    <h2>1. quadro jur\u00eddico: por que raz\u00e3o o RD 2177\/2004 \u00e9 decisivo<\/h2>\n    <p>O Decreto Real 2177\/2004 aplica a regulamenta\u00e7\u00e3o relativa a <em>trabalhos tempor\u00e1rios em altura<\/em>, e estabelece princ\u00edpios claros para a prote\u00e7\u00e3o contra quedas. Em Espanha, considera-se trabalho em altura o trabalho em alturas a partir de <strong>2 metros<\/strong>. O princ\u00edpio \u00e9 simples: <strong>a prote\u00e7\u00e3o colectiva tem prioridade sobre a prote\u00e7\u00e3o individual (PPE)<\/strong>.<\/p>\n\n    <h2>2) O que \u00e9 que o RD 2177\/2004 exige para os telhados?<\/h2>\n    <ol>\n      <li><strong>Utiliza\u00e7\u00e3o de sistemas colectivos<\/strong> sempre que tecnicamente vi\u00e1vel (guarda-corpos, redes, plataformas protegidas).<\/li>\n      <li><strong>Altura m\u00ednima do gradeamento<\/strong>90 cm, com travessa interm\u00e9dia e rodap\u00e9, em conformidade com o RD 486\/1997 e o RD 1627\/1997.<\/li>\n      <li><strong>Sele\u00e7\u00e3o de acordo com a norma UNE-EN 13374<\/strong>Classe A, B ou C, consoante o declive e a carga din\u00e2mica.<\/li>\n      <li><strong>Inspe\u00e7\u00e3o e forma\u00e7\u00e3o<\/strong>Instala\u00e7\u00e3o por pessoal competente e inspe\u00e7\u00e3o pr\u00e9via e regular.<\/li>\n      <li><strong>Proibi\u00e7\u00e3o de escolha em fun\u00e7\u00e3o dos custos<\/strong>A op\u00e7\u00e3o mais econ\u00f3mica n\u00e3o pode substituir a op\u00e7\u00e3o tecnicamente segura.<\/li>\n    <\/ol>\n\n    <h2>3. UNE-EN 13374: escolher a classe correta<\/h2>\n    <p>A norma UNE-EN 13374 classifica os sistemas de prote\u00e7\u00e3o tempor\u00e1ria do per\u00edmetro:<\/p>\n    <ul>\n      <li><strong>Classe A<\/strong> - superf\u00edcies planas e declives &lt; 10\u00b0.<\/li>\n      <li><strong>Classe B<\/strong> - declives at\u00e9 30\u00b0; maior capacidade para deslizamentos de terras.<\/li>\n      <li><strong>Classe C<\/strong> - inclina\u00e7\u00f5es at\u00e9 45\u00b0; concebido para energias de impacto elevadas.<\/li>\n    <\/ul>\n\n    <h2>4. Riscos e san\u00e7\u00f5es em caso de incumprimento<\/h2>\n    <p>A n\u00e3o instala\u00e7\u00e3o de prote\u00e7\u00e3o colectiva, sempre que poss\u00edvel, pode ser considerada como uma <strong>infra\u00e7\u00e3o muito grave<\/strong>. As consequ\u00eancias incluem:<\/p>\n    <ul>\n      <li>Coimas administrativas (m\u00e1ximos muito elevados em LISOS).<\/li>\n      <li>Responsabilidade civil: sobretaxa para presta\u00e7\u00f5es (30-50%).<\/li>\n      <li>Responsabilidade penal em caso de neglig\u00eancia grave.<\/li>\n      <li>Paragem imediata dos trabalhos pelo ITSS em caso de risco iminente.<\/li>\n    <\/ul>\n\n    <h2>5. Erros comuns no local de trabalho<\/h2>\n    <p>Estas pr\u00e1ticas continuam a ser comuns e perigosas:<\/p>\n    <ul>\n      <li>Suponhamos que um telhado plano n\u00e3o necessita de prote\u00e7\u00e3o.<\/li>\n      <li>Utilizar as linhas de vida como primeira op\u00e7\u00e3o porque s\u00e3o mais baratas.<\/li>\n      <li>Instala\u00e7\u00e3o de sistemas da classe errada no que respeita \u00e0 inclina\u00e7\u00e3o.<\/li>\n      <li>N\u00e3o documentar as inspec\u00e7\u00f5es e os certificados das ITSS.<\/li>\n    <\/ul>\n\n    <h2>6. Guia r\u00e1pido para escolher a solu\u00e7\u00e3o correta<\/h2>\n    <table>\n      <thead>\n        <tr><th>Crit\u00e9rio<\/th><th>Recomenda\u00e7\u00e3o<\/th><\/tr>\n      <\/thead>\n      <tbody>\n        <tr><td>Frequ\u00eancia de acesso<\/td><td>Frequente \u2192 guarda-corpos permanente. Ocasional \u2192 guarda-corpos tempor\u00e1rios ou EPI apenas se n\u00e3o houver alternativa.<\/td><\/tr>\n        <tr><td>Pendente<\/td><td>Selecionar a classe EN 13374 de acordo com os graus (A\/B\/C).<\/td><\/tr>\n        <tr><td>Estado estrutural do bordo<\/td><td>Avaliar solu\u00e7\u00f5es de ancoragem ou autoportantes.<\/td><\/tr>\n        <tr><td>Condi\u00e7\u00f5es ambientais<\/td><td>Tenha em conta o vento, o gelo, as zonas fr\u00e1geis e as clarab\u00f3ias.<\/td><\/tr>\n      <\/tbody>\n    <\/table>\n\n    <h2>7. Documenta\u00e7\u00e3o e provas para inspe\u00e7\u00e3o<\/h2>\n    <p>Mantenha-o sempre acess\u00edvel:<\/p>\n    <ul>\n      <li>Ficha de dados do sistema e certificado EN\/UNE aplic\u00e1vel.<\/li>\n      <li>Relat\u00f3rios de avalia\u00e7\u00e3o dos riscos e do Plano de Sa\u00fade e Seguran\u00e7a (PSS).<\/li>\n      <li>Registos de montagem, inspec\u00e7\u00f5es peri\u00f3dicas e forma\u00e7\u00e3o do pessoal.<\/li>\n      <li>Plano de salvamento em caso de utiliza\u00e7\u00e3o de EPI.<\/li>\n    <\/ul>\n\n    <h2>8. Recomenda\u00e7\u00f5es finais<\/h2>\n    <ol>\n      <li>Dar sempre prioridade aos <strong>prote\u00e7\u00e3o colectiva<\/strong> sempre que poss\u00edvel.<\/li>\n      <li>Verificar se o corrim\u00e3o est\u00e1 certificado em conformidade com <strong>UNE-EN 13374<\/strong>.<\/li>\n      <li>Montagem de documentos e inspec\u00e7\u00f5es para o <strong>ITSS<\/strong>.<\/li>\n      <li>Inclui a solu\u00e7\u00e3o no <strong>PSS<\/strong> e forma o pessoal.<\/li>\n    <\/ol>\n\n    <h2>Perguntas frequentes (FAQ)<\/h2>\n    <dl class=\"faq\">\n      <dt>A partir de que altura \u00e9 que a lei exige a prote\u00e7\u00e3o colectiva?<\/dt>\n      <dd>Em geral, uma vez que o <strong>2 metros<\/strong> O trabalho em altura \u00e9 considerado um trabalho em altura e a hierarquia das medidas (prioridade ao coletivo) deve ser aplicada.<\/dd>\n\n      <dt>Uma linha de vida pode substituir um corrim\u00e3o?<\/dt>\n      <dd>N\u00e3o como primeira op\u00e7\u00e3o. A linha de vida \u00e9 uma medida individual que s\u00f3 \u00e9 admiss\u00edvel quando uma solu\u00e7\u00e3o colectiva n\u00e3o \u00e9 vi\u00e1vel.<\/dd>\n\n      <dt>Que documenta\u00e7\u00e3o \u00e9 exigida pela Inspe\u00e7\u00e3o do Trabalho?<\/dt>\n      <dd>Certificados EN, relat\u00f3rio de avalia\u00e7\u00e3o dos riscos, registos de inspe\u00e7\u00e3o e o plano de sa\u00fade e seguran\u00e7a.<\/dd>\n    <\/dl>\n\n    <div class=\"references\">\n      <h3 class=\"small\">Refer\u00eancias e recursos<\/h3>\n      <ul class=\"small\">\n        <li><a href=\"https:\/\/gapral.es\/pt\/\">Gapral.com.br<\/a> - solu\u00e7\u00f5es de prote\u00e7\u00e3o do per\u00edmetro e aconselhamento t\u00e9cnico.<\/li>\n        <li><a href=\"https:\/\/escaleraconjaula.es\" target=\"_blank\" rel=\"noopener\">Escaleraconjaula.es<\/a> - cat\u00e1logo de escadas e plataformas seguras.<\/li>\n        <li><a href=\"https:\/\/comprarescalera.es\" target=\"_blank\" rel=\"noopener\">Comprarescalera.es<\/a> - aquisi\u00e7\u00e3o profissional de equipamento.<\/li>\n        <li>Documento de refer\u00eancia interno: <a href=\"\/pt\/mnt\/data\/Spaanse bouwmarkt voor dakrandbeveiliging_ strategiegids voor Gapral.es.pdf\/\">Strategiegids for Gapral (an\u00e1lise de mercado)<\/a><\/li>\n      <\/ul>\n    <\/div>\n\n    <footer>\n      <p class=\"small\">Autor: PRL Technical Engineer - Gapral. Este artigo explica as obriga\u00e7\u00f5es gerais e as boas pr\u00e1ticas. N\u00e3o constitui um aconselhamento jur\u00eddico. Para revis\u00f5es t\u00e9cnicas ou projectos, contactar a Gapral.<\/p>\n      <a class=\"cta\" href=\"https:\/\/gapral.es\/pt\/contacto\/\">Solicitar uma avalia\u00e7\u00e3o t\u00e9cnica<\/a>\n    <\/footer>\n\n    <meta itemprop=\"dateModified\" content=\"2025-12-04\">\n    <meta itemprop=\"mainEntityOfPage\" content=\"https:\/\/gapral.es\/blog\/dakrandbeveiliging-rd2177\">\n  <\/article>\n\n  <script type=\"application\/ld+json\">\n  {\n    \"@context\": \"https:\/\/schema.org\",\n    \"@type\": \"Article\",\n    \"headline\": \"Dakrandbeveiliging en RD 2177\/2004: Qu\u00e9 exige realmente la ley espa\u00f1ola\",\n    \"description\": \"Resumen pr\u00e1ctico de qu\u00e9 exige el RD 2177\/2004 sobre protecci\u00f3n colectiva en cubiertas y c\u00f3mo cumplir EN 13374.\",\n    \"author\": {\"@type\":\"Person\",\"name\":\"Ing. T\u00e9cnico PRL - Gapral\"},\n    \"publisher\": {\"@type\":\"Organization\",\"name\":\"Gapral\",\"logo\":{\"@type\":\"ImageObject\",\"url\":\"https:\/\/gapral.es\/logo.png\"}},\n    \"datePublished\":\"2025-12-04\",\"dateModified\":\"2025-12-04\",\n    \"mainEntityOfPage\":\"https:\/\/gapral.es\/blog\/dakrandbeveiliging-rd2177\",\n    \"keywords\":\"Dakrandbeveiliging, RD 2177\/2004, EN 13374, protecci\u00f3n colectiva\"\n  }\n  <\/script>\n<\/body>\n<\/html>","protected":false},"excerpt":{"rendered":"<p>Dakrandbeveiliging y RD 2177\/2004: requisitos legales Dakrandbeveiliging en RD 2177\/2004: Qu\u00e9 exige realmente la ley espa\u00f1ola Ing. T\u00e9cnico PRL \u2014<\/p>","protected":false},"author":5,"featured_media":23496,"comment_status":"open","ping_status":"open","sticky":false,"template":"","format":"standard","meta":{"footnotes":""},"categories":[1],"tags":[],"class_list":["post-23495","post","type-post","status-publish","format-standard","has-post-thumbnail","hentry","category-uncategorized"],"_links":{"self":[{"href":"https:\/\/gapral.es\/pt\/wp-json\/wp\/v2\/posts\/23495","targetHints":{"allow":["GET"]}}],"collection":[{"href":"https:\/\/gapral.es\/pt\/wp-json\/wp\/v2\/posts"}],"about":[{"href":"https:\/\/gapral.es\/pt\/wp-json\/wp\/v2\/types\/post"}],"author":[{"embeddable":true,"href":"https:\/\/gapral.es\/pt\/wp-json\/wp\/v2\/users\/5"}],"replies":[{"embeddable":true,"href":"https:\/\/gapral.es\/pt\/wp-json\/wp\/v2\/comments?post=23495"}],"version-history":[{"count":1,"href":"https:\/\/gapral.es\/pt\/wp-json\/wp\/v2\/posts\/23495\/revisions"}],"predecessor-version":[{"id":23497,"href":"https:\/\/gapral.es\/pt\/wp-json\/wp\/v2\/posts\/23495\/revisions\/23497"}],"wp:featuredmedia":[{"embeddable":true,"href":"https:\/\/gapral.es\/pt\/wp-json\/wp\/v2\/media\/23496"}],"wp:attachment":[{"href":"https:\/\/gapral.es\/pt\/wp-json\/wp\/v2\/media?parent=23495"}],"wp:term":[{"taxonomy":"category","embeddable":true,"href":"https:\/\/gapral.es\/pt\/wp-json\/wp\/v2\/categories?post=23495"},{"taxonomy":"post_tag","embeddable":true,"href":"https:\/\/gapral.es\/pt\/wp-json\/wp\/v2\/tags?post=23495"}],"curies":[{"name":"wp","href":"https:\/\/api.w.org\/{rel}","templated":true}]}}