{"id":23498,"date":"2025-12-03T22:15:16","date_gmt":"2025-12-03T22:15:16","guid":{"rendered":"https:\/\/gapral.es\/?p=23498"},"modified":"2025-12-03T22:15:19","modified_gmt":"2025-12-03T22:15:19","slug":"instalacion-correcta-de-barandillas-temporales-errores-frecuentes-y-como-evitarlos","status":"publish","type":"post","link":"https:\/\/gapral.es\/pt\/instalacion-correcta-de-barandillas-temporales-errores-frecuentes-y-como-evitarlos\/","title":{"rendered":"Instala\u00e7\u00e3o correta de corrim\u00e3os tempor\u00e1rios: erros comuns e como evit\u00e1-los"},"content":{"rendered":"<!DOCTYPE html>\n<html lang=\"es\">\n<head>\n  <meta charset=\"UTF-8\" \/>\n  <meta name=\"viewport\" content=\"width=device-width, initial-scale=1.0\" \/>\n\n  <!-- SEO -->\n  <title>Instalaci\u00f3n correcta de barandillas temporales: errores frecuentes y c\u00f3mo evitarlos<\/title>\n  <meta name=\"description\" content=\"Gu\u00eda pr\u00e1ctica para instalar barandillas temporales seg\u00fan EN 13374 y RD 2177\/2004. Errores habituales, buenas pr\u00e1cticas y consejos PRL para obras y mantenimiento.\">\n  <meta name=\"author\" content=\"Gapral \u2013 Especialistas en seguridad en altura\" \/>\n\n  <!-- Open Graph -->\n  <meta property=\"og:title\" content=\"Instalaci\u00f3n correcta de barandillas temporales: errores y c\u00f3mo evitarlos\" \/>\n  <meta property=\"og:description\" content=\"Gu\u00eda completa de instalaci\u00f3n segura seg\u00fan EN 13374 y normativa PRL en Espa\u00f1a.\" \/>\n  <meta property=\"og:type\" content=\"article\" \/>\n  <meta property=\"og:locale\" content=\"es_ES\" \/>\n\n  <!-- Canonical -->\n  <link rel=\"canonical\" href=\"https:\/\/gapral.es\/blog\/instalacion-correcta-barandillas-temporales\" \/>\n\n  <!-- Schema -->\n  <script type=\"application\/ld+json\">\n  {\n    \"@context\": \"https:\/\/schema.org\",\n    \"@type\": \"Article\",\n    \"headline\": \"Instalaci\u00f3n correcta de barandillas temporales: errores frecuentes y c\u00f3mo evitarlos\",\n    \"description\": \"Gu\u00eda pr\u00e1ctica para instalar barandillas temporales seg\u00fan EN 13374 y RD 2177\/2004. Errores habituales, requisitos legales y recomendaciones PRL.\",\n    \"author\": {\n      \"@type\": \"Person\",\n      \"name\": \"Equipo T\u00e9cnico PRL de Gapral\"\n    },\n    \"publisher\": {\n      \"@type\": \"Organization\",\n      \"name\": \"Gapral\",\n      \"url\": \"https:\/\/gapral.es\"\n    },\n    \"mainEntityOfPage\": \"https:\/\/gapral.es\/blog\/instalacion-correcta-barandillas-temporales\",\n    \"datePublished\": \"2025-01-10\",\n    \"dateModified\": \"2025-01-10\"\n  }\n  <\/script>\n\n  <style>\n    body { font-family: Arial, sans-serif; line-height: 1.6; padding: 20px; color: #222; }\n    h1, h2, h3 { color: #222; }\n  <\/style>\n<\/head>\n\n<body>\n\n<article>\n\n<h1>Instala\u00e7\u00e3o correta de corrim\u00e3os tempor\u00e1rios: erros comuns e como evit\u00e1-los<\/h1>\n\n<p><strong>Autor:<\/strong> Equipa t\u00e9cnica PRL da Gapral<br>\n<strong>Data:<\/strong> 10 de janeiro de 2025<\/p>\n\n<p>\nOs guarda-corpos tempor\u00e1rios s\u00e3o um dos sistemas de prote\u00e7\u00e3o colectiva mais eficazes para evitar as quedas de altura.\nDe acordo com a regulamenta\u00e7\u00e3o espanhola, em particular o RD 2177\/2004, devem ser instalados sempre que exista um risco de queda de um n\u00edvel diferente\nde uma altura de <strong>2 metros<\/strong>. Mesmo assim, estudos do mercado espanhol confirmam que muitas instala\u00e7\u00f5es falham n\u00e3o por falta de material, mas por erros de montagem que geram uma falsa seguran\u00e7a,\nmas devido a erros de montagem que geram uma falsa seguran\u00e7a.\n<\/p>\n\n<p>\nEste guia resume os erros mais frequentes detectados no local e a forma de os evitar, seguindo o <strong>UNE-EN 13374<\/strong>, as boas pr\u00e1ticas em mat\u00e9ria de PRL\ne crit\u00e9rios t\u00e9cnicos utilizados pelos gestores de preven\u00e7\u00e3o, engenharia e seguran\u00e7a.\n<\/p>\n\n<hr>\n\n<h2>Requisitos regulamentares essenciais<\/h2>\n\n<h3>1.1 Prioridade da prote\u00e7\u00e3o colectiva<\/h3>\n<p>\nO <strong>RD 2177\/2004<\/strong> estabelece que a prote\u00e7\u00e3o colectiva (guarda-corpos, redes, sistemas de reten\u00e7\u00e3o) tem prioridade absoluta sobre os EPI.\nAs linhas de vida ou os arneses s\u00f3 podem ser escolhidos quando a instala\u00e7\u00e3o de barreiras de prote\u00e7\u00e3o for tecnicamente invi\u00e1vel.\n<\/p>\n\n<h3>1.2 Classifica\u00e7\u00e3o EN 13374: como escolher o sistema adequado<\/h3>\n<p>\nA norma UNE-EN 13374 regula o desempenho m\u00ednimo das barreiras de prote\u00e7\u00e3o tempor\u00e1rias e classifica-as de acordo com a inclina\u00e7\u00e3o:\n<\/p>\n<ul>\n  <li><strong>Classe A:<\/strong> superf\u00edcies planas ou inclina\u00e7\u00e3o &lt; 10\u00b0.<\/li>\n  <li><strong>Classe B:<\/strong> inclina\u00e7\u00e3o at\u00e9 30\u00b0.<\/li>\n  <li><strong>Classe C:<\/strong> inclina\u00e7\u00e3o entre 30\u00b0 e 45\u00b0, suporta cargas din\u00e2micas mais elevadas<\/li>\n<\/ul>\n<p>\nA instala\u00e7\u00e3o de um Classe A num telhado de 20\u00b0 \u00e9 uma das falhas mais comuns e pode invalidar a prote\u00e7\u00e3o.\n<\/p>\n\n<h3>1.3 Dimens\u00f5es obrigat\u00f3rias<\/h3>\n<ul>\n  <li>Altura m\u00ednima da calha superior: <strong>90 cm<\/strong><\/li>\n  <li>Grade interm\u00e9dia: aprox. <strong>50-60 cm<\/strong><\/li>\n  <li>Rodap\u00e9: m\u00ednimo <strong>15 cm<\/strong> quando existe o risco de queda de objectos<\/li>\n<\/ul>\n\n<hr>\n\n<h2>2. Os erros de instala\u00e7\u00e3o mais frequentes<\/h2>\n\n<h3>Erro 1: Escolher a classe EN 13374 errada<\/h3>\n<p>\nOcorre quando um sistema \u201cuniversal\u201d \u00e9 selecionado sem ter em conta a inclina\u00e7\u00e3o.  \n<strong>Solu\u00e7\u00e3o:<\/strong> medir antes da instala\u00e7\u00e3o, rever as fichas t\u00e9cnicas e documentar a escolha.\n<\/p>\n\n<h3>Problema 2: Fixa\u00e7\u00f5es insuficientes ou mal distribu\u00eddas<\/h3>\n<p>\nOs contrapesos mal posicionados, as fixa\u00e7\u00f5es em materiais inadequados ou o aperto incorreto s\u00e3o causas frequentes de falhas.\n<strong>Boas pr\u00e1ticas:<\/strong> verificar a resist\u00eancia do suporte, utilizar os elementos de fixa\u00e7\u00e3o do fabricante e documentar os pontos cr\u00edticos.\n<\/p>\n\n<h3>Erro 3: Altura incorrecta do corrim\u00e3o<\/h3>\n<p>\nOs sistemas com 80 cm ou menos s\u00e3o automaticamente considerados \u201cprote\u00e7\u00e3o insuficiente\u201d pelo ITSS.\n<\/p>\n\n<h3>Erro 4: N\u00e3o seguir o manual do fabricante<\/h3>\n<p>\n70% das defici\u00eancias detectadas nas auditorias de SST est\u00e3o relacionadas com montagens n\u00e3o documentadas ou improvisadas.\n<\/p>\n\n<h3>Problema 5: Misturar componentes de sistemas diferentes<\/h3>\n<p>\nInvalida a certifica\u00e7\u00e3o do sistema e o seu comportamento din\u00e2mico.\n<\/p>\n\n<h3>Problema 6: Falta de inspec\u00e7\u00f5es regulares<\/h3>\n<p>\nOs corrim\u00e3os devem ser verificados:\n<\/p>\n<ul>\n  <li>Antes da utiliza\u00e7\u00e3o di\u00e1ria<\/li>\n  <li>Ap\u00f3s acontecimentos clim\u00e1ticos adversos<\/li>\n  <li>Ap\u00f3s impactos ou reposicionamento<\/li>\n<\/ul>\n\n<h3>Erro 7: N\u00e3o ter em conta a carga do vento<\/h3>\n<p>\nEspecialmente cr\u00edtico em sistemas autoportantes. A resist\u00eancia ao vento deve ser avaliada de acordo com o manual do fabricante e o sistema deve ser refor\u00e7ado, se necess\u00e1rio.\n<\/p>\n\n<hr>\n\n<h2>3. guia passo-a-passo para uma instala\u00e7\u00e3o correta<\/h2>\n\n<ol>\n  <li>Avaliar o bordo, o material do substrato e a inclina\u00e7\u00e3o.<\/li>\n  <li>Selecionar a classe EN 13374 adequada (A, B ou C).<\/li>\n  <li>Definir os pontos de fixa\u00e7\u00e3o ou a distribui\u00e7\u00e3o dos contrapesos.<\/li>\n  <li>Montar as bases ou suportes de acordo com o manual.<\/li>\n  <li>Instalar postes verticais.<\/li>\n  <li>Instalar o corrim\u00e3o superior, o corrim\u00e3o interm\u00e9dio e o rodap\u00e9.<\/li>\n  <li>Verificar o alinhamento, o aperto e a estabilidade.<\/li>\n  <li>Realizar uma inspe\u00e7\u00e3o documentada e um registo fotogr\u00e1fico.<\/li>\n<\/ol>\n\n<hr>\n\n<h2>4. Consequ\u00eancias legais de uma instala\u00e7\u00e3o incorrecta<\/h2>\n\n<p>\nO <strong>LISOS<\/strong> prev\u00ea san\u00e7\u00f5es que podem ir at\u00e9 <strong>983.736 \u20ac<\/strong> para infrac\u00e7\u00f5es muito graves relacionadas com a falta ou a m\u00e1 instala\u00e7\u00e3o de protec\u00e7\u00f5es colectivas.  \nTamb\u00e9m pode haver:\n<\/p>\n\n<ul>\n  <li><strong>Sobretaxa de presta\u00e7\u00f5es<\/strong> a partir de 30-50% (n\u00e3o coberto por seguro)<\/li>\n  <li><strong>Responsabilidade penal<\/strong> para gestores e diretores (art. 316.\u00ba do CP)<\/li>\n  <li><strong>Encerramento imediato<\/strong> dos trabalhos do ITSS<\/li>\n<\/ul>\n\n<hr>\n\n<h2>5. Melhores pr\u00e1ticas recomendadas<\/h2>\n\n<ul>\n  <li>Seguir rigorosamente o manual do fabricante.<\/li>\n  <li>Realizar forma\u00e7\u00f5es espec\u00edficas para a equipa de montagem.<\/li>\n  <li>N\u00e3o improvisar com elementos n\u00e3o certificados.<\/li>\n  <li>Registar fotografias da montagem como prova documental.<\/li>\n  <li>Adaptar o sistema a coberturas fr\u00e1geis (uralite, painel sandwich).<\/li>\n<\/ul>\n\n<hr>\n\n<h2>FAQ: Perguntas mais frequentes<\/h2>\n\n<h3>Posso substituir um corrim\u00e3o por uma linha de vida?<\/h3>\n<p>N\u00e3o, exceto se for demonstrado que a instala\u00e7\u00e3o de guarda-corpos \u00e9 t\u00e9cnica ou estruturalmente invi\u00e1vel.<\/p>\n\n<h3>Com que frequ\u00eancia devo inspecionar uma barreira de prote\u00e7\u00e3o tempor\u00e1ria?<\/h3>\n<p>Antes de cada utiliza\u00e7\u00e3o, ap\u00f3s altera\u00e7\u00f5es clim\u00e1ticas e de acordo com o plano PRL.<\/p>\n\n<h3>De que classe necessito para um telhado de 15\u00b0?<\/h3>\n<p> Classe B de acordo com a norma UNE-EN 13374.<\/p>\n\n<h3>Os sistemas autoportantes necessitam de rodap\u00e9?<\/h3>\n<p>Sim, quando existe o risco de queda de ferramentas ou materiais.<\/p>\n\n<hr>\n\n<h2>Conclus\u00e3o<\/h2>\n<p>\nUm guarda-corpos tempor\u00e1rio corretamente instalado salva vidas e evita san\u00e7\u00f5es.  \nA aplica\u00e7\u00e3o correta da norma UNE-EN 13374 e o cumprimento do RD 2177\/2004 s\u00e3o essenciais para qualquer trabalho ou manuten\u00e7\u00e3o em altura.\n<\/p>\n\n<p>\nSe necessita de sistemas certificados, aconselhamento t\u00e9cnico ou solu\u00e7\u00f5es \u00e0 medida para o seu projeto, visite-nos:\n<\/p>\n\n<ul>\n  <li><a href=\"https:\/\/gapral.es\/pt\/\" target=\"_blank\">Gapral.com.br<\/a><\/li>\n  <li><a href=\"https:\/\/escaleraconjaula.es\" target=\"_blank\" rel=\"noopener\">Escaleraconjaula.es<\/a><\/li>\n  <li><a href=\"https:\/\/comprarescalera.es\" target=\"_blank\" rel=\"noopener\">Comprarescalera.es<\/a><\/li>\n<\/ul>\n\n<\/article>\n\n<\/body>\n<\/html>","protected":false},"excerpt":{"rendered":"<p>Instalaci\u00f3n correcta de barandillas temporales: errores frecuentes y c\u00f3mo evitarlos Instalaci\u00f3n correcta de barandillas temporales: errores frecuentes y c\u00f3mo evitarlos<\/p>","protected":false},"author":5,"featured_media":23499,"comment_status":"open","ping_status":"open","sticky":false,"template":"","format":"standard","meta":{"footnotes":""},"categories":[1],"tags":[],"class_list":["post-23498","post","type-post","status-publish","format-standard","has-post-thumbnail","hentry","category-uncategorized"],"_links":{"self":[{"href":"https:\/\/gapral.es\/pt\/wp-json\/wp\/v2\/posts\/23498","targetHints":{"allow":["GET"]}}],"collection":[{"href":"https:\/\/gapral.es\/pt\/wp-json\/wp\/v2\/posts"}],"about":[{"href":"https:\/\/gapral.es\/pt\/wp-json\/wp\/v2\/types\/post"}],"author":[{"embeddable":true,"href":"https:\/\/gapral.es\/pt\/wp-json\/wp\/v2\/users\/5"}],"replies":[{"embeddable":true,"href":"https:\/\/gapral.es\/pt\/wp-json\/wp\/v2\/comments?post=23498"}],"version-history":[{"count":1,"href":"https:\/\/gapral.es\/pt\/wp-json\/wp\/v2\/posts\/23498\/revisions"}],"predecessor-version":[{"id":23500,"href":"https:\/\/gapral.es\/pt\/wp-json\/wp\/v2\/posts\/23498\/revisions\/23500"}],"wp:featuredmedia":[{"embeddable":true,"href":"https:\/\/gapral.es\/pt\/wp-json\/wp\/v2\/media\/23499"}],"wp:attachment":[{"href":"https:\/\/gapral.es\/pt\/wp-json\/wp\/v2\/media?parent=23498"}],"wp:term":[{"taxonomy":"category","embeddable":true,"href":"https:\/\/gapral.es\/pt\/wp-json\/wp\/v2\/categories?post=23498"},{"taxonomy":"post_tag","embeddable":true,"href":"https:\/\/gapral.es\/pt\/wp-json\/wp\/v2\/tags?post=23498"}],"curies":[{"name":"wp","href":"https:\/\/api.w.org\/{rel}","templated":true}]}}