{"id":23504,"date":"2025-12-09T14:24:21","date_gmt":"2025-12-09T14:24:21","guid":{"rendered":"https:\/\/gapral.es\/?p=23504"},"modified":"2025-12-09T14:24:25","modified_gmt":"2025-12-09T14:24:25","slug":"proteccion-colectiva-en-cubiertas-la-prioridad-legal-que-muchos-aun-ignoran","status":"publish","type":"post","link":"https:\/\/gapral.es\/pt\/proteccion-colectiva-en-cubiertas-la-prioridad-legal-que-muchos-aun-ignoran\/","title":{"rendered":"Prote\u00e7\u00e3o colectiva nos telhados: a prioridade jur\u00eddica que muitos ainda ignoram"},"content":{"rendered":"\n<!doctype html>\n\n<html lang=\"es\">\n<head>\n  <meta charset=\"utf-8\">\n  <meta name=\"viewport\" content=\"width=device-width,initial-scale=1\">\n  <title>Protecci\u00f3n colectiva en cubiertas \u2014 prioridad legal<\/title>\n  <meta name=\"description\" content=\"La protecci\u00f3n colectiva en cubiertas es obligatoria seg\u00fan RD 2177\/2004: qu\u00e9 exige la ley, errores habituales (EN 13374) y c\u00f3mo evitar sanciones.\">\n  <meta name=\"author\" content=\"Gapral \u2014 T\u00e9cnico PRL\">\n  <link rel=\"canonical\" href=\"https:\/\/gapral.es\/proteccion-colectiva-cubiertas-prioridad-legal\">\n  <style>\n    \/* Estilos m\u00ednimos para que la pieza sea legible en el CMS *\/\n    body{font-family:system-ui,-apple-system,Segoe UI,Roboto,'Helvetica Neue',Arial;line-height:1.6;color:#1b1b1b;margin:0;padding:20px;background:#fff}\n    .container{max-width:900px;margin:0 auto}\n    h1{font-size:1.8rem;margin-top:0}\n    h2{font-size:1.25rem;margin-top:1.1rem}\n    p{margin:.5rem 0}\n    table{width:100%;border-collapse:collapse;margin:0.7rem 0}\n    th,td{padding:.5rem;border:1px solid #ddd;text-align:left}\n    .cta{display:inline-block;padding:.6rem .9rem;background:#0b67a3;color:#fff;border-radius:6px;text-decoration:none;margin-top:.8rem}\n    .meta{font-size:.9rem;color:#555}\n    footer{margin-top:1.6rem;border-top:1px solid #eee;padding-top:1rem;font-size:.9rem;color:#444}\n    .note{font-size:.9rem;color:#666;margin-top:.4rem}\n    ul{margin:.4rem 0  .8rem 1.2rem}\n    .small{font-size:.9rem;color:#555}\n  <\/style>\n<\/head>\n<body>\n  <main class=\"container\" role=\"main\">\n    <header>\n      <p class=\"meta\">Autor: <strong>Gapral \u2014 Consultor PRL<\/strong> \u00b7 Fecha: <strong>9 de diciembre de 2025<\/strong><\/p>\n      <h1>Protecci\u00f3n colectiva en cubiertas: La prioridad legal que muchos a\u00fan ignoran<\/h1>\n      <p class=\"small\">Resumen: En Espa\u00f1a la normativa prioriza medidas colectivas frente a protecciones individuales. Este art\u00edculo explica qu\u00e9 exige la ley (RD 2177\/2004 y normas UNE-EN), errores frecuentes al elegir sistemas en cubiertas y pasos pr\u00e1cticos para garantizar cumplimiento y reducir riesgos legales.<\/p>\n    <\/header>\n\n\u00ab`\n<section aria-labelledby=\"riesgo\">\n  <h2 id=\"riesgo\">1. \u00bfPor qu\u00e9 es urgente hablar de protecci\u00f3n colectiva en cubiertas?<\/h2>\n  <p>Trabajar en cubiertas es una de las actividades con mayor \u00edndice de accidentes graves y mortales en Espa\u00f1a. Campa\u00f1as e informes t\u00e9cnicos alertan de la persistencia de siniestralidad en tejados y bordes, y subrayan que la adopci\u00f3n de <strong>medidas colectivas<\/strong> contin\u00faa siendo insuficiente en muchos entornos de obra y mantenimiento. :contentReference[oaicite:0]{index=0}<\/p>\n<\/section>\n\n<section aria-labelledby=\"legal\">\n  <h2 id=\"legal\">2. Marco legal esencial: prioridad de la protecci\u00f3n colectiva<\/h2>\n  <p>El <strong>Real Decreto 2177\/2004<\/strong> actualiza y precisa criterios para trabajos temporales en altura y establece una jerarqu\u00eda clara: <em>primero<\/em> medidas colectivas (barandillas, redes, plataformas); <em>solo si no son t\u00e9cnicamente viables<\/em>, se recurre a equipos de protecci\u00f3n individual (arneses y l\u00edneas de vida). Esta prioridad se complementa con Ley 31\/1995 y reglas espec\u00edficas para la obra (RD 1627\/1997). :contentReference[oaicite:1]{index=1}<\/p>\n\n  <ul>\n    <li>Definici\u00f3n pr\u00e1ctica: trabajo en altura a partir de 2 m (regla de uso com\u00fan en PRL espa\u00f1ola). :contentReference[oaicite:2]{index=2}<\/li>\n    <li>Las decisiones basadas \u00fanicamente en criterios econ\u00f3micos (elegir arn\u00e9s frente a barandilla) no est\u00e1n justificadas por la normativa. :contentReference[oaicite:3]{index=3}<\/li>\n  <\/ul>\n<\/section>\n\n<section aria-labelledby=\"sanciones\">\n  <h2 id=\"sanciones\">3. Riesgo legal y econ\u00f3mico: \u00bfqu\u00e9 pasa si no hay protecci\u00f3n colectiva?<\/h2>\n  <p>La falta de protecci\u00f3n colectiva en cubiertas puede desencadenar la llamada \u00abtriple responsabilidad\u00bb: administrativa (sanciones), civil (da\u00f1os y recargo de prestaciones) y penal (delitos por omissiones graves). Los importes y consecuencias son reales y severos: multas por infracciones muy graves que, seg\u00fan la normativa y an\u00e1lisis sectorial, pueden situarse en rangos elevados (p. ej. decenas de miles hasta cientos de miles de euros en casos extremos). <\/p>\n  <p class=\"note\"><strong>Nota pr\u00e1ctica:<\/strong> una barandilla correcta (EN 13374, clase adecuada) suele evitar la mayor\u00eda de inspecciones adversas y constituye la defensa preventiva m\u00e1s efectiva frente a sanciones y procedimientos.<\/p>\n<\/section>\n\n<section aria-labelledby=\"en13374\">\n  <h2 id=\"en13374\">4. EN 13374: clases y errores habituales al elegir barandillas<\/h2>\n  <p>La UNE-EN 13374 regula sistemas provisionales de protecci\u00f3n de borde (barandillas temporales). Es cr\u00edtico seleccionar la <strong>clase correcta<\/strong> seg\u00fan inclinaci\u00f3n y uso. Los errores son frecuentes y costosos (ej.: instalar Clase A en cubiertas inclinadas). <\/p>\n\n  <table aria-label=\"Clases EN 13374\">\n    <thead>\n      <tr><th>Clase<\/th><th>Aplicaci\u00f3n t\u00edpica<\/th><th>Comentario clave<\/th><\/tr>\n    <\/thead>\n    <tbody>\n      <tr><td>A<\/td><td>Superficies horizontales o hasta 10\u00b0<\/td><td>Adecuada para la mayor\u00eda de cubiertas planas; no sirve para pendientes grandes.<\/td><\/tr>\n      <tr><td>B<\/td><td>Inclinaciones hasta ~30\u00b0<\/td><td>Mayor resistencia din\u00e1mica; para cubiertas con cierta pendiente.<\/td><\/tr>\n      <tr><td>C<\/td><td>Pendientes pronunciadas (hasta ~45\u00b0)<\/td><td>Dise\u00f1ada para cargas din\u00e1micas altas (vientos, resbalones).<\/td><\/tr>\n    <\/tbody>\n  <\/table>\n\n  <p>Instalar la clase incorrecta es una \u201cfalsa seguridad\u201d que la Inspecci\u00f3n de Trabajo puede considerar incumplimiento grave. Comprueba siempre la documentaci\u00f3n CE del sistema y la certificaci\u00f3n del fabricante. <\/p>\n<\/section>\n\n<section aria-labelledby=\"porqignoran\">\n  <h2 id=\"porqignoran\">5. \u00bfPor qu\u00e9 muchas empresas siguen ignorando la protecci\u00f3n colectiva?<\/h2>\n  <ul>\n    <li><strong>Cultura reactiva.<\/strong> La protecci\u00f3n colectiva suele instalarse tras un accidente o inspecci\u00f3n. :contentReference[oaicite:7]{index=7}<\/li>\n    <li><strong>Subcontrataci\u00f3n fragmentada.<\/strong> La responsabilidad se diluye entre contratas y subcontratas. :contentReference[oaicite:8]{index=8}<\/li>\n    <li><strong>Falsa confianza en EPI.<\/strong> El arn\u00e9s se interpreta err\u00f3neamente como soluci\u00f3n principal cuando es el \u00faltimo recurso. :contentReference[oaicite:9]{index=9}<\/li>\n    <li><strong>Falta de conocimiento t\u00e9cnico.<\/strong> Elecci\u00f3n err\u00f3nea de clase EN 13374 o sistemas inadecuados. :contentReference[oaicite:10]{index=10}<\/li>\n  <\/ul>\n<\/section>\n\n<section aria-labelledby=\"comoimpl\">\n  <h2 id=\"comoimpl\">6. Gu\u00eda pr\u00e1ctica r\u00e1pida para implantar protecci\u00f3n colectiva en cubiertas<\/h2>\n  <ol>\n    <li><strong>Evaluaci\u00f3n t\u00e9cnica inicial:<\/strong> medir inclinaci\u00f3n, frecuencia de acceso, cargas esperadas y fragilidad de la cubierta.<\/li>\n    <li><strong>Priorizar soluciones fijas si hay accesos peri\u00f3dicos;<\/strong> optar por autoportantes en cubiertas con membrana delicada. :contentReference[oaicite:11]{index=11}<\/li>\n    <li><strong>Seleccionar la clase EN 13374 adecuada<\/strong> y exigir documentaci\u00f3n CE del fabricante. :contentReference[oaicite:12]{index=12}<\/li>\n    <li><strong>Plan de instalaci\u00f3n y mantenimiento:<\/strong> registro de montaje, inspecciones peri\u00f3dicas y persona competente responsable. :contentReference[oaicite:13]{index=13}<\/li>\n    <li><strong>Formaci\u00f3n espec\u00edfica:<\/strong> instrucciones de acceso, l\u00edmites en condiciones meteorol\u00f3gicas y procedimientos de rescate. :contentReference[oaicite:14]{index=14}<\/li>\n  <\/ol>\n  <p class=\"note\">Si por razones t\u00e9cnicas no es posible implementar un sistema colectivo, documenta la imposibilidad y dise\u00f1a soluciones de mitigaci\u00f3n (l\u00edneas de vida certificadas, planes de rescate, formaci\u00f3n) \u2014pero recuerda: esto s\u00f3lo aplica cuando queda justificado.<\/p>\n<\/section>\n\n<section aria-labelledby=\"inspecciones\">\n  <h2 id=\"inspecciones\">7. Inspecciones y mantenimiento (qu\u00e9 pide la Inspecci\u00f3n de Trabajo)<\/h2>\n  <p>La legislaci\u00f3n y la pr\u00e1ctica t\u00e9cnica exigen que los sistemas fijos y temporales se inspeccionen y mantengan por personal competente. Para l\u00edneas de vida y anclajes suele recomendarse\/ exigirse inspecci\u00f3n al menos anual y siempre tras un evento que pueda haberlos afectado. La carencia de registros de mantenimiento es un hallazgo frecuente en auditor\u00edas. <\/p>\n<\/section>\n\n<section aria-labelledby=\"faq\">\n  <h2 id=\"faq\">8. FAQ (preguntas frecuentes)<\/h2>\n\n  <h3>\u00bfPuedo sustituir una barandilla por arn\u00e9s para ahorrar tiempo?<\/h3>\n  <p>No. La normativa exige priorizar la protecci\u00f3n colectiva; el arn\u00e9s es el \u00faltimo recurso y su elecci\u00f3n por solo motivos de coste no est\u00e1 justificada. :contentReference[oaicite:16]{index=16}<\/p>\n\n  <h3>\u00bfQu\u00e9 documentaci\u00f3n solicita la Inspecci\u00f3n?<\/h3>\n  <p>Evaluaci\u00f3n de riesgos, justificaci\u00f3n t\u00e9cnica (si no hay protecci\u00f3n colectiva), certificados CE de los sistemas, registro de inspecciones y formaci\u00f3n de los trabajadores. :contentReference[oaicite:17]{index=17}<\/p>\n\n  <h3>\u00bfCada cu\u00e1nto se revisa una l\u00ednea de vida?<\/h3>\n  <p>Como pr\u00e1ctica general y exigencia t\u00e9cnica: al menos una vez al a\u00f1o por persona competente, y siempre tras una detenci\u00f3n de ca\u00edda o intervenci\u00f3n que pueda haberla afectado. <\/p>\n<\/section>\n\n<section aria-labelledby=\"conclusion\">\n  <h2 id=\"conclusion\">9. Conclusi\u00f3n<\/h2>\n  <p>En Espa\u00f1a la protecci\u00f3n colectiva en cubiertas no es una recomendaci\u00f3n: es la prioridad legal y la medida que protege colectivos completos de trabajadores. Adoptar sistemas correctos (clase EN 13374 adecuada), documentar decisiones t\u00e9cnicas y mantener inspecciones peri\u00f3dicas convierte el gasto en inversi\u00f3n preventiva: salva vidas, evita sanciones y preserva la continuidad del negocio. <\/p>\n<\/section>\n\n<section aria-labelledby=\"cta\">\n  <h2 id=\"cta\">10. \u00bfNecesitas ayuda para cumplir en tu cubierta?<\/h2>\n  <p>En Gapral trabajamos con soluciones certificadas y servicios integrales (auditor\u00eda t\u00e9cnica, suministro de barandillas fijas y autoportantes, instalaci\u00f3n, inspecci\u00f3n anual y formaci\u00f3n). Si quieres una propuesta t\u00e9cnica o presupuesto, empezamos por una evaluaci\u00f3n r\u00e1pida del acceso y la inclinaci\u00f3n de la cubierta.<\/p>\n\n  <p>\n    <a class=\"cta\" href=\"https:\/\/gapral.es\" target=\"_blank\" rel=\"noopener\">Solicitar evaluaci\u00f3n \u2014 Gapral.es<\/a>\n    &nbsp;\n    <a class=\"cta\" href=\"https:\/\/escaleraconjaula.es\" target=\"_blank\" rel=\"noopener\">Sistemas de acceso \u2014 Escaleraconjaula.es<\/a>\n    &nbsp;\n    <a class=\"cta\" href=\"https:\/\/comprarescalera.es\" target=\"_blank\" rel=\"noopener\">Equipamiento certificado \u2014 Comprarescalera.es<\/a>\n  <\/p>\n<\/section>\n\n<footer aria-labelledby=\"references\">\n  <h2 id=\"references\">Referencias y fuentes<\/h2>\n  <ul>\n    <li>Real Decreto 2177\/2004 y normativa relacionada (resumen t\u00e9cnico). :contentReference[oaicite:20]{index=20}<\/li>\n    <li>Campa\u00f1as e informes INSST sobre trabajos en cubiertas y siniestralidad. :contentReference[oaicite:21]{index=21}<\/li>\n    <li>Gu\u00edas y an\u00e1lisis sobre sistemas provisionales de protecci\u00f3n de borde (UNE-EN 13374). <\/li>\n    <li>Documentaci\u00f3n t\u00e9cnica sobre inspecciones y mantenimiento de EPI, l\u00edneas de vida y anclajes. <\/li>\n    <li>An\u00e1lisis de mercado y pr\u00e1ctica empresarial en Espa\u00f1a (gap identificados y comportamiento en obra). :contentReference[oaicite:24]{index=24}<\/li>\n  <\/ul>\n  <p class=\"note\">Aviso legal: este art\u00edculo ofrece orientaci\u00f3n t\u00e9cnica y de cumplimiento basada en fuentes t\u00e9cnicas y en an\u00e1lisis de mercado. No constituye asesoramiento jur\u00eddico. Para decisiones vinculantes consulte a su asesor legal o t\u00e9cnico competente.<\/p>\n<\/footer>\n\u00ab`\n\n  <\/main>\n\n  <!-- JSON-LD Article Schema -->\n\n  <script type=\"application\/ld+json\">\n  {\n    \"@context\": \"https:\/\/schema.org\",\n    \"@type\": \"NewsArticle\",\n    \"headline\": \"Protecci\u00f3n colectiva en cubiertas \u2014 prioridad legal\",\n    \"description\": \"La protecci\u00f3n colectiva en cubiertas es obligatoria seg\u00fan RD 2177\/2004: qu\u00e9 exige la ley, errores habituales (EN 13374) y c\u00f3mo evitar sanciones.\",\n    \"datePublished\": \"2025-12-09\",\n    \"dateModified\": \"2025-12-09\",\n    \"author\": {\n      \"@type\": \"Person\",\n      \"name\": \"Gapral \u2014 Consultor PRL\"\n    },\n    \"publisher\": {\n      \"@type\": \"Organization\",\n      \"name\": \"Gapral\",\n      \"logo\": {\n        \"@type\": \"ImageObject\",\n        \"url\": \"https:\/\/gapral.es\/logo.png\"\n      }\n    },\n    \"mainEntityOfPage\": {\n      \"@type\": \"WebPage\",\n      \"@id\": \"https:\/\/gapral.es\/proteccion-colectiva-cubiertas-prioridad-legal\"\n    }\n  }\n  <\/script>\n\n<\/body>\n<\/html>\n\n","protected":false},"excerpt":{"rendered":"<p>Protecci\u00f3n colectiva en cubiertas \u2014 prioridad legal Autor: Gapral \u2014 Consultor PRL \u00b7 Fecha: 9 de diciembre de 2025 Protecci\u00f3n<\/p>","protected":false},"author":5,"featured_media":23505,"comment_status":"open","ping_status":"open","sticky":false,"template":"","format":"standard","meta":{"footnotes":""},"categories":[1],"tags":[],"class_list":["post-23504","post","type-post","status-publish","format-standard","has-post-thumbnail","hentry","category-uncategorized"],"_links":{"self":[{"href":"https:\/\/gapral.es\/pt\/wp-json\/wp\/v2\/posts\/23504","targetHints":{"allow":["GET"]}}],"collection":[{"href":"https:\/\/gapral.es\/pt\/wp-json\/wp\/v2\/posts"}],"about":[{"href":"https:\/\/gapral.es\/pt\/wp-json\/wp\/v2\/types\/post"}],"author":[{"embeddable":true,"href":"https:\/\/gapral.es\/pt\/wp-json\/wp\/v2\/users\/5"}],"replies":[{"embeddable":true,"href":"https:\/\/gapral.es\/pt\/wp-json\/wp\/v2\/comments?post=23504"}],"version-history":[{"count":1,"href":"https:\/\/gapral.es\/pt\/wp-json\/wp\/v2\/posts\/23504\/revisions"}],"predecessor-version":[{"id":23506,"href":"https:\/\/gapral.es\/pt\/wp-json\/wp\/v2\/posts\/23504\/revisions\/23506"}],"wp:featuredmedia":[{"embeddable":true,"href":"https:\/\/gapral.es\/pt\/wp-json\/wp\/v2\/media\/23505"}],"wp:attachment":[{"href":"https:\/\/gapral.es\/pt\/wp-json\/wp\/v2\/media?parent=23504"}],"wp:term":[{"taxonomy":"category","embeddable":true,"href":"https:\/\/gapral.es\/pt\/wp-json\/wp\/v2\/categories?post=23504"},{"taxonomy":"post_tag","embeddable":true,"href":"https:\/\/gapral.es\/pt\/wp-json\/wp\/v2\/tags?post=23504"}],"curies":[{"name":"wp","href":"https:\/\/api.w.org\/{rel}","templated":true}]}}