{"id":23517,"date":"2026-01-10T23:46:39","date_gmt":"2026-01-10T23:46:39","guid":{"rendered":"https:\/\/gapral.es\/?p=23517"},"modified":"2026-01-10T23:46:41","modified_gmt":"2026-01-10T23:46:41","slug":"proteccion-colectiva-en-cubiertas-la-prioridad-legal-que-muchos-aun-ignoran-2","status":"publish","type":"post","link":"https:\/\/gapral.es\/pt\/proteccion-colectiva-en-cubiertas-la-prioridad-legal-que-muchos-aun-ignoran-2\/","title":{"rendered":"Prote\u00e7\u00e3o colectiva nos telhados: a prioridade legal que muitos ainda ignoram"},"content":{"rendered":"\n<!DOCTYPE html>\n<html lang=\"es\">\n<head>\n  <meta charset=\"utf-8\">\n  <title>Protecci\u00f3n colectiva en cubiertas: la prioridad legal que muchos ignoran<\/title>\n  <meta name=\"description\" content=\"La protecci\u00f3n colectiva en cubiertas es obligatoria por ley en Espa\u00f1a. Descubre por qu\u00e9 tiene prioridad legal sobre los EPIs y los errores m\u00e1s comunes.\">\n  <meta name=\"viewport\" content=\"width=device-width, initial-scale=1\">\n  <meta name=\"robots\" content=\"index, follow\">\n\n  <!-- Schema.org Article -->\n  <script type=\"application\/ld+json\">\n  {\n    \"@context\": \"https:\/\/schema.org\",\n    \"@type\": \"Article\",\n    \"headline\": \"Protecci\u00f3n colectiva en cubiertas: la prioridad legal que muchos ignoran\",\n    \"description\": \"An\u00e1lisis t\u00e9cnico y legal sobre la obligatoriedad de la protecci\u00f3n colectiva en cubiertas seg\u00fan la normativa espa\u00f1ola de trabajos en altura.\",\n    \"author\": {\n      \"@type\": \"Person\",\n      \"name\": \"Equipo T\u00e9cnico Gapral\"\n    },\n    \"publisher\": {\n      \"@type\": \"Organization\",\n      \"name\": \"Gapral\",\n      \"url\": \"https:\/\/www.gapral.es\"\n    },\n    \"datePublished\": \"2026-01-09\",\n    \"dateModified\": \"2026-01-09\"\n  }\n  <\/script>\n<\/head>\n\n<body>\n\n<article>\n\n<h1>Protecci\u00f3n colectiva en cubiertas: la prioridad legal que muchos a\u00fan ignoran<\/h1>\n\n<p>En los trabajos en altura sobre cubiertas existe una realidad inc\u00f3moda: <strong>la mayor\u00eda de los accidentes graves no se producen por ausencia de EPIs, sino por falta de protecci\u00f3n colectiva<\/strong>. A pesar de que la legislaci\u00f3n espa\u00f1ola es clara y contundente, todav\u00eda hoy muchas empresas siguen priorizando arneses y l\u00edneas de vida como primera opci\u00f3n, incurriendo sin saberlo en <strong>incumplimientos legales graves<\/strong>.<\/p>\n\n<p>En este art\u00edculo analizamos por qu\u00e9 la protecci\u00f3n colectiva en cubiertas no es una recomendaci\u00f3n, sino una <strong>obligaci\u00f3n legal prioritaria<\/strong>, y por qu\u00e9 ignorarla expone a empresas, t\u00e9cnicos y responsables de prevenci\u00f3n a sanciones, responsabilidades personales y, sobre todo, a accidentes evitables.<\/p>\n\n\n::contentReference[oaicite:0]{index=0}\n\n\n<h2>El principio clave que marca toda la normativa espa\u00f1ola<\/h2>\n\n<p>La legislaci\u00f3n de prevenci\u00f3n de riesgos laborales en Espa\u00f1a se apoya en un principio jer\u00e1rquico inequ\u00edvoco:<\/p>\n\n<p><strong>La protecci\u00f3n colectiva tiene prioridad absoluta sobre la protecci\u00f3n individual.<\/strong><\/p>\n\n<p>Este criterio no es interpretativo ni opcional. Est\u00e1 recogido expresamente en la normativa de trabajos en altura y constituye uno de los primeros aspectos que eval\u00faa la Inspecci\u00f3n de Trabajo ante cualquier inspecci\u00f3n o accidente.<\/p>\n\n<ul>\n  <li>Si existe riesgo de ca\u00edda desde una cubierta<\/li>\n  <li>Si es t\u00e9cnicamente viable instalar protecci\u00f3n colectiva<\/li>\n  <li>No es legal sustituirla directamente por EPIs por motivos de coste o rapidez<\/li>\n<\/ul>\n\n<h2>\u00bfQu\u00e9 se considera protecci\u00f3n colectiva en cubiertas?<\/h2>\n\n<p>En cubiertas industriales, log\u00edsticas y comerciales, la protecci\u00f3n colectiva incluye todas aquellas soluciones dise\u00f1adas para <strong>eliminar o reducir el riesgo de ca\u00edda sin depender del comportamiento del trabajador<\/strong>.<\/p>\n\n<p>Las soluciones m\u00e1s habituales son:<\/p>\n\n<ul>\n  <li>Barandillas perimetrales fijas o temporales<\/li>\n  <li>Sistemas de protecci\u00f3n de bordes certificados<\/li>\n  <li>Redes de seguridad<\/li>\n  <li>Plataformas y pasarelas protegidas<\/li>\n  <li>Sistemas de acceso seguro a equipos en cubierta<\/li>\n<\/ul>\n\n<p>A diferencia del EPI, estas soluciones:<\/p>\n\n<ul>\n  <li>Protegen simult\u00e1neamente a todos los trabajadores<\/li>\n  <li>No requieren conexi\u00f3n individual ni supervisi\u00f3n constante<\/li>\n  <li>Reducen dr\u00e1sticamente el error humano<\/li>\n  <li>Funcionan de forma continua, incluso ante distracciones<\/li>\n<\/ul>\n\n<h2>El error m\u00e1s com\u00fan: confundir frecuencia con legalidad<\/h2>\n\n<p>Uno de los errores m\u00e1s frecuentes detectados en auditor\u00edas PRL es el siguiente razonamiento:<\/p>\n\n<blockquote>\n  \u201cComo solo se accede a la cubierta una o dos veces al mes, con arn\u00e9s es suficiente.\u201d\n<\/blockquote>\n\n<p>Este argumento <strong>no es v\u00e1lido legalmente<\/strong>. La normativa no eval\u00faa \u00fanicamente la frecuencia de acceso, sino:<\/p>\n\n<ul>\n  <li>El riesgo objetivo de ca\u00edda<\/li>\n  <li>La previsibilidad del acceso<\/li>\n  <li>La posibilidad t\u00e9cnica de instalar protecci\u00f3n colectiva<\/li>\n<\/ul>\n\n<p>En cubiertas con equipos HVAC, placas solares, claraboyas o tareas de mantenimiento recurrente, la <strong>protecci\u00f3n colectiva permanente suele ser la \u00fanica soluci\u00f3n conforme<\/strong>.<\/p>\n\n<h2>\u00bfA partir de qu\u00e9 altura es obligatoria?<\/h2>\n\n<p>En Espa\u00f1a se considera trabajo en altura cualquier tarea con riesgo de ca\u00edda desde <strong>2 metros o m\u00e1s<\/strong> respecto a un nivel inferior.<\/p>\n\n<p>A partir de este umbral:<\/p>\n\n<ul>\n  <li>La protecci\u00f3n colectiva es obligatoria siempre que sea posible<\/li>\n  <li>El uso exclusivo de EPIs debe estar justificado t\u00e9cnicamente<\/li>\n  <li>La ausencia de medidas colectivas se considera infracci\u00f3n grave o muy grave<\/li>\n<\/ul>\n\n<p>En la pr\u00e1ctica, la mayor\u00eda de cubiertas industriales superan ampliamente este criterio.<\/p>\n\n<h2>Consecuencias reales de ignorar la protecci\u00f3n colectiva<\/h2>\n\n<p>Muchas empresas solo toman conciencia tras una inspecci\u00f3n o un accidente. Las consecuencias habituales incluyen:<\/p>\n\n<ul>\n  <li>Sanciones econ\u00f3micas elevadas<\/li>\n  <li>Paralizaci\u00f3n inmediata de los trabajos<\/li>\n  <li>Recargos en prestaciones de la Seguridad Social (no asegurables)<\/li>\n  <li>Responsabilidad civil del empresario<\/li>\n  <li>Responsabilidad penal de directivos y t\u00e9cnicos PRL<\/li>\n<\/ul>\n\n<p>El argumento \u201csiempre se ha hecho as\u00ed\u201d <strong>carece por completo de validez jur\u00eddica<\/strong>.<\/p>\n\n<h2>Protecci\u00f3n colectiva y cultura preventiva<\/h2>\n\n<p>En Espa\u00f1a sigue existiendo una cultura preventiva excesivamente reactiva, basada en:<\/p>\n\n<ul>\n  <li>Externalizaci\u00f3n de responsabilidades<\/li>\n  <li>Priorizar plazos frente a prevenci\u00f3n<\/li>\n  <li>Confiar en el trabajador en lugar del sistema<\/li>\n<\/ul>\n\n<p>Sin embargo, las empresas que han implantado protecci\u00f3n colectiva en cubiertas observan:<\/p>\n\n<ul>\n  <li>Reducci\u00f3n significativa de incidentes<\/li>\n  <li>Menor dependencia de formaci\u00f3n continua<\/li>\n  <li>Inspecciones m\u00e1s \u00e1giles y favorables<\/li>\n  <li>Mejor imagen ante clientes y auditores<\/li>\n<\/ul>\n\n<h2>\u00bfCu\u00e1ndo tiene sentido combinar protecci\u00f3n colectiva y EPIs?<\/h2>\n\n<p>La normativa no proh\u00edbe el uso de EPIs, pero los sit\u00faa en el lugar correcto:<\/p>\n\n<ul>\n  <li>Como complemento<\/li>\n  <li>Para tareas puntuales<\/li>\n  <li>En zonas no protegibles colectivamente<\/li>\n  <li>En situaciones excepcionales<\/li>\n<\/ul>\n\n<p>Un sistema bien dise\u00f1ado integra protecci\u00f3n colectiva como base y protecci\u00f3n individual como refuerzo, <strong>nunca al rev\u00e9s<\/strong>.<\/p>\n\n<h2>Conclusi\u00f3n para responsables t\u00e9cnicos y PRL<\/h2>\n\n<p>Si tu cubierta requiere accesos previsibles, mantenimiento recurrente o tr\u00e1nsito habitual, la pregunta correcta no es:<\/p>\n\n<blockquote>\n  \u201c\u00bfPuedo trabajar solo con arn\u00e9s?\u201d\n<\/blockquote>\n\n<p>Sino:<\/p>\n\n<blockquote>\n  \u201c\u00bfPor qu\u00e9 todav\u00eda no tengo protecci\u00f3n colectiva instalada?\u201d\n<\/blockquote>\n\n<p>Invertir en protecci\u00f3n colectiva no es un gasto: es una <strong>decisi\u00f3n t\u00e9cnica, legal y estrat\u00e9gica<\/strong>.<\/p>\n\n<h2>\u00bfNecesitas una soluci\u00f3n conforme?<\/h2>\n\n<p>En <a href=\"https:\/\/www.gapral.es\">Gapral<\/a> ayudamos a empresas, ingenier\u00edas y responsables de prevenci\u00f3n a dise\u00f1ar e implantar sistemas de protecci\u00f3n colectiva en cubiertas conformes a la normativa espa\u00f1ola y europea.<\/p>\n\n<p><strong>Porque la mejor ca\u00edda es la que nunca ocurre.<\/strong><\/p>\n\n<\/article>\n\n<\/body>\n<\/html>\n\n\n\n\n<p><\/p>\n","protected":false},"excerpt":{"rendered":"<p>Protecci\u00f3n colectiva en cubiertas: la prioridad legal que muchos ignoran Protecci\u00f3n colectiva en cubiertas: la prioridad legal que muchos a\u00fan<\/p>","protected":false},"author":5,"featured_media":23518,"comment_status":"open","ping_status":"open","sticky":false,"template":"","format":"standard","meta":{"footnotes":""},"categories":[1],"tags":[],"class_list":["post-23517","post","type-post","status-publish","format-standard","has-post-thumbnail","hentry","category-uncategorized"],"_links":{"self":[{"href":"https:\/\/gapral.es\/pt\/wp-json\/wp\/v2\/posts\/23517","targetHints":{"allow":["GET"]}}],"collection":[{"href":"https:\/\/gapral.es\/pt\/wp-json\/wp\/v2\/posts"}],"about":[{"href":"https:\/\/gapral.es\/pt\/wp-json\/wp\/v2\/types\/post"}],"author":[{"embeddable":true,"href":"https:\/\/gapral.es\/pt\/wp-json\/wp\/v2\/users\/5"}],"replies":[{"embeddable":true,"href":"https:\/\/gapral.es\/pt\/wp-json\/wp\/v2\/comments?post=23517"}],"version-history":[{"count":1,"href":"https:\/\/gapral.es\/pt\/wp-json\/wp\/v2\/posts\/23517\/revisions"}],"predecessor-version":[{"id":23519,"href":"https:\/\/gapral.es\/pt\/wp-json\/wp\/v2\/posts\/23517\/revisions\/23519"}],"wp:featuredmedia":[{"embeddable":true,"href":"https:\/\/gapral.es\/pt\/wp-json\/wp\/v2\/media\/23518"}],"wp:attachment":[{"href":"https:\/\/gapral.es\/pt\/wp-json\/wp\/v2\/media?parent=23517"}],"wp:term":[{"taxonomy":"category","embeddable":true,"href":"https:\/\/gapral.es\/pt\/wp-json\/wp\/v2\/categories?post=23517"},{"taxonomy":"post_tag","embeddable":true,"href":"https:\/\/gapral.es\/pt\/wp-json\/wp\/v2\/tags?post=23517"}],"curies":[{"name":"wp","href":"https:\/\/api.w.org\/{rel}","templated":true}]}}