{"id":23520,"date":"2026-01-11T00:33:07","date_gmt":"2026-01-11T00:33:07","guid":{"rendered":"https:\/\/gapral.es\/?p=23520"},"modified":"2026-01-11T00:33:10","modified_gmt":"2026-01-11T00:33:10","slug":"linea-de-vida-o-barandilla-la-verdadera-obligacion-segun-la-normativa-espanola","status":"publish","type":"post","link":"https:\/\/gapral.es\/pt\/linea-de-vida-o-barandilla-la-verdadera-obligacion-segun-la-normativa-espanola\/","title":{"rendered":"Linha de vida ou corrim\u00e3o: a verdadeira obriga\u00e7\u00e3o no direito espanhol"},"content":{"rendered":"<!DOCTYPE html>\n<html lang=\"es\">\n<head>\n  <meta charset=\"UTF-8\">\n  <title>L\u00ednea de vida o barandilla: la verdadera obligaci\u00f3n seg\u00fan la normativa espa\u00f1ola<\/title>\n  <meta name=\"description\" content=\"\u00bfL\u00ednea de vida o barandilla? Descubre qu\u00e9 exige realmente la normativa espa\u00f1ola en trabajos en altura y cu\u00e1ndo la protecci\u00f3n colectiva es obligatoria.\">\n  <meta name=\"viewport\" content=\"width=device-width, initial-scale=1\">\n\n  <!-- Open Graph -->\n  <meta property=\"og:title\" content=\"L\u00ednea de vida o barandilla: la verdadera obligaci\u00f3n seg\u00fan la normativa espa\u00f1ola\">\n  <meta property=\"og:description\" content=\"Protecci\u00f3n colectiva vs protecci\u00f3n individual en trabajos en altura seg\u00fan el Real Decreto 2177\/2004.\">\n  <meta property=\"og:type\" content=\"article\">\n\n  <!-- Schema.org Article -->\n  <script type=\"application\/ld+json\">\n  {\n    \"@context\": \"https:\/\/schema.org\",\n    \"@type\": \"Article\",\n    \"headline\": \"L\u00ednea de vida o barandilla: la verdadera obligaci\u00f3n seg\u00fan la normativa espa\u00f1ola\",\n    \"description\": \"An\u00e1lisis t\u00e9cnico y legal sobre la prioridad de la protecci\u00f3n colectiva frente a las l\u00edneas de vida seg\u00fan la normativa espa\u00f1ola de trabajos en altura.\",\n    \"author\": {\n      \"@type\": \"Person\",\n      \"name\": \"T\u00e9cnico en Prevenci\u00f3n de Riesgos Laborales\"\n    },\n    \"publisher\": {\n      \"@type\": \"Organization\",\n      \"name\": \"Gapral\",\n      \"url\": \"https:\/\/www.gapral.es\"\n    },\n    \"datePublished\": \"2026-01-10\"\n  }\n  <\/script>\n<\/head>\n\n<body>\n\n<article>\n\n  <h1>Linha de vida ou corrim\u00e3o: a verdadeira obriga\u00e7\u00e3o no direito espanhol<\/h1>\n\n  <p><strong>Autor:<\/strong> T\u00e9cnico de preven\u00e7\u00e3o de riscos profissionais (PRL)<\/p>\n  <p><strong>Data:<\/strong> janeiro de 2026<\/p>\n\n  <p>\n    Quando se trabalha em altura, nomeadamente em telhados industriais, manuten\u00e7\u00e3o e constru\u00e7\u00e3o de edif\u00edcios,\n    uma das d\u00favidas mais comuns \u00e9 se \u00e9 suficiente instalar uma linha de vida ou se a regulamenta\u00e7\u00e3o exige a instala\u00e7\u00e3o de uma prote\u00e7\u00e3o colectiva\n    um gradeamento de prote\u00e7\u00e3o colectiva.\n  <\/p>\n\n  <p>\n    Embora ambos os sistemas sejam amplamente utilizados, do ponto de vista jur\u00eddico, em Espanha\n    <strong>n\u00e3o s\u00e3o solu\u00e7\u00f5es equivalentes<\/strong>. Uma escolha incorrecta pode dar origem a san\u00e7\u00f5es muito graves e mesmo a responsabilidade penal.\n    e mesmo a responsabilidade penal.\n  <\/p>\n\n  <h2>1. O princ\u00edpio fundamental do direito espanhol<\/h2>\n\n  <p>\n    A legisla\u00e7\u00e3o espanhola em mat\u00e9ria de preven\u00e7\u00e3o baseia-se num princ\u00edpio hier\u00e1rquico claro:\n  <\/p>\n\n  <blockquote>\n    <p><strong>A prote\u00e7\u00e3o colectiva deve sempre prevalecer sobre a prote\u00e7\u00e3o individual.<\/strong><\/p>\n  <\/blockquote>\n\n  <p>\n    Este crit\u00e9rio est\u00e1 previsto na Lei 31\/1995 sobre a Preven\u00e7\u00e3o de Riscos Profissionais e \u00e9 especificamente desenvolvido no Real Decreto 2177\/2004, que regula o trabalho tempor\u00e1rio em altura.\n    especificamente no Real Decreto 2177\/2004, que regula o trabalho tempor\u00e1rio em altura.\n  <\/p>\n\n  <p>\n    Isto significa que os sistemas colectivos, como os guarda-corpos, as plataformas ou as redes,\n    devem ser implementados sempre que tecnicamente poss\u00edvel. Os equipamentos de prote\u00e7\u00e3o individual\n    (arneses, linhas de vida) s\u00f3 s\u00e3o permitidos se n\u00e3o existir uma alternativa colectiva vi\u00e1vel.\n  <\/p>\n\n  <h2>2) Quando \u00e9 que um corrim\u00e3o \u00e9 obrigat\u00f3rio?<\/h2>\n\n  <p>\n    Quando houver risco de queda de uma altura de cerca de 2 metros ou mais,\n    e o trabalho for efectuado numa superf\u00edcie transit\u00e1vel,\n    a Inspe\u00e7\u00e3o-Geral do Trabalho entende que deve ser assegurada a prote\u00e7\u00e3o colectiva.\n  <\/p>\n\n  <h3>Casos t\u00edpicos<\/h3>\n  <ul>\n    <li>Telhados planos ou de baixa inclina\u00e7\u00e3o<\/li>\n    <li>Edif\u00edcios industriais com manuten\u00e7\u00e3o regular<\/li>\n    <li>Instala\u00e7\u00f5es fotovoltaicas com acesso frequente<\/li>\n    <li>Trabalho repetitivo ou de longa dura\u00e7\u00e3o<\/li>\n  <\/ul>\n\n  <p>\n    Os guarda-corpos devem cumprir a norma UNE-EN 13374, que define os requisitos de\n    de resist\u00eancia, altura e configura\u00e7\u00e3o em fun\u00e7\u00e3o da inclina\u00e7\u00e3o da cobertura.\n  <\/p>\n\n  <h2>3. Linha de vida: quando se justifica<\/h2>\n\n  <p>\n    As linhas de vida s\u00e3o sistemas de prote\u00e7\u00e3o individual regulamentados pela norma EN 795.\n    A sua fun\u00e7\u00e3o n\u00e3o \u00e9 evitar uma queda, mas sim trav\u00e1-la quando esta ocorre.\n  <\/p>\n\n  <h3>Situa\u00e7\u00f5es em que pode ser v\u00e1lido<\/h3>\n  <ul>\n    <li>Trabalhos pontuais e de curta dura\u00e7\u00e3o<\/li>\n    <li>Acesso muito espor\u00e1dico (inspec\u00e7\u00f5es anuais)<\/li>\n    <li>Zonas em que uma barreira de prote\u00e7\u00e3o \u00e9 tecnicamente invi\u00e1vel<\/li>\n  <\/ul>\n\n  <p>\n    Nestes casos, a empresa deve apresentar provas documentais da impossibilidade de instalar\n    prote\u00e7\u00e3o colectiva.\n  <\/p>\n\n  <h2>4. O erro mais frequente nas inspec\u00e7\u00f5es<\/h2>\n\n  <p>\n    Um dos incumprimentos mais comuns \u00e9 a utiliza\u00e7\u00e3o de uma linha de vida como substituto de um corrim\u00e3o em trabalhos de manuten\u00e7\u00e3o de rotina.\n    para substituir o corrim\u00e3o em trabalhos de manuten\u00e7\u00e3o de rotina.\n  <\/p>\n\n  <p>\n    De um ponto de vista jur\u00eddico, esta pr\u00e1tica \u00e9 frequentemente considerada incorrecta,\n    pois d\u00e1 prioridade \u00e0 prote\u00e7\u00e3o individual quando existe uma solu\u00e7\u00e3o colectiva vi\u00e1vel.\n  <\/p>\n\n  <p>\n    As san\u00e7\u00f5es podem ser qualificadas como infra\u00e7\u00e3o muito grave, com coimas superiores a 49 000\n    49 000, para al\u00e9m de uma eventual responsabilidade civil e penal em caso de acidente.\n  <\/p>\n\n  <h2>5. Compara\u00e7\u00e3o pr\u00e1tica<\/h2>\n\n  <table border=\"1\" cellpadding=\"8\" cellspacing=\"0\">\n    <thead>\n      <tr>\n        <th>Crit\u00e9rio<\/th>\n        <th>Corrim\u00e3o<\/th>\n        <th>Linha de vida<\/th>\n      <\/tr>\n    <\/thead>\n    <tbody>\n      <tr>\n        <td>Tipo de prote\u00e7\u00e3o<\/td>\n        <td>Coletivo<\/td>\n        <td>Individual<\/td>\n      <\/tr>\n      <tr>\n        <td>Prioridade legal<\/td>\n        <td>Elevado<\/td>\n        <td>Condicional<\/td>\n      <\/tr>\n      <tr>\n        <td>Evita a queda<\/td>\n        <td>Sim<\/td>\n        <td>N\u00e3o<\/td>\n      <\/tr>\n      <tr>\n        <td>Depend\u00eancia do utilizador<\/td>\n        <td>Baja<\/td>\n        <td>Elevado<\/td>\n      <\/tr>\n      <tr>\n        <td>Plano de salvamento<\/td>\n        <td>N\u00e3o \u00e9 necess\u00e1rio<\/td>\n        <td>Obrigat\u00f3rio<\/td>\n      <\/tr>\n    <\/tbody>\n  <\/table>\n\n  <h2>6. Conclus\u00e3o<\/h2>\n\n  <p>\n    Em Espanha, a quest\u00e3o n\u00e3o \u00e9 escolher entre a linha de vida ou o corrim\u00e3o,\n    mas justificar a aus\u00eancia de prote\u00e7\u00e3o colectiva.\n  <\/p>\n\n  <p>\n    Sempre que tecnicamente poss\u00edvel, o guarda-corpo \u00e9 a solu\u00e7\u00e3o exigida pela regulamenta\u00e7\u00e3o,\n    enquanto a linha de vida deve ser considerada como uma medida excecional ou complementar.\n  <\/p>\n\n  <p>\n    A utiliza\u00e7\u00e3o de sistemas colectivos n\u00e3o s\u00f3 melhora a seguran\u00e7a real no trabalho, como tamb\u00e9m protege legalmente a empresa e os seus respons\u00e1veis,\n    mas tamb\u00e9m protege legalmente a empresa e os seus respons\u00e1veis.\n  <\/p>\n\n  <h2>Precisa de aconselhamento t\u00e9cnico?<\/h2>\n\n  <p>\n    Em <a href=\"https:\/\/gapral.es\/pt\/\" target=\"_blank\" rel=\"noopener\">Gapral<\/a>\n    ajudamos os engenheiros, os t\u00e9cnicos de PRL e os respons\u00e1veis pela manuten\u00e7\u00e3o a definir\n    a definir solu\u00e7\u00f5es de prote\u00e7\u00e3o colectiva em conformidade com a regulamenta\u00e7\u00e3o espanhola e europeia.\n  <\/p>\n\n<\/article>\n\n<\/body>\n<\/html>","protected":false},"excerpt":{"rendered":"<p>L\u00ednea de vida o barandilla: la verdadera obligaci\u00f3n seg\u00fan la normativa espa\u00f1ola L\u00ednea de vida o barandilla: la verdadera obligaci\u00f3n<\/p>","protected":false},"author":5,"featured_media":23521,"comment_status":"open","ping_status":"open","sticky":false,"template":"","format":"standard","meta":{"footnotes":""},"categories":[1],"tags":[],"class_list":["post-23520","post","type-post","status-publish","format-standard","has-post-thumbnail","hentry","category-uncategorized"],"_links":{"self":[{"href":"https:\/\/gapral.es\/pt\/wp-json\/wp\/v2\/posts\/23520","targetHints":{"allow":["GET"]}}],"collection":[{"href":"https:\/\/gapral.es\/pt\/wp-json\/wp\/v2\/posts"}],"about":[{"href":"https:\/\/gapral.es\/pt\/wp-json\/wp\/v2\/types\/post"}],"author":[{"embeddable":true,"href":"https:\/\/gapral.es\/pt\/wp-json\/wp\/v2\/users\/5"}],"replies":[{"embeddable":true,"href":"https:\/\/gapral.es\/pt\/wp-json\/wp\/v2\/comments?post=23520"}],"version-history":[{"count":1,"href":"https:\/\/gapral.es\/pt\/wp-json\/wp\/v2\/posts\/23520\/revisions"}],"predecessor-version":[{"id":23522,"href":"https:\/\/gapral.es\/pt\/wp-json\/wp\/v2\/posts\/23520\/revisions\/23522"}],"wp:featuredmedia":[{"embeddable":true,"href":"https:\/\/gapral.es\/pt\/wp-json\/wp\/v2\/media\/23521"}],"wp:attachment":[{"href":"https:\/\/gapral.es\/pt\/wp-json\/wp\/v2\/media?parent=23520"}],"wp:term":[{"taxonomy":"category","embeddable":true,"href":"https:\/\/gapral.es\/pt\/wp-json\/wp\/v2\/categories?post=23520"},{"taxonomy":"post_tag","embeddable":true,"href":"https:\/\/gapral.es\/pt\/wp-json\/wp\/v2\/tags?post=23520"}],"curies":[{"name":"wp","href":"https:\/\/api.w.org\/{rel}","templated":true}]}}