{"id":23527,"date":"2026-01-11T00:49:43","date_gmt":"2026-01-11T00:49:43","guid":{"rendered":"https:\/\/gapral.es\/?p=23527"},"modified":"2026-01-11T00:49:45","modified_gmt":"2026-01-11T00:49:45","slug":"barandilla-fija-o-proteccion-temporal-en-cubierta","status":"publish","type":"post","link":"https:\/\/gapral.es\/pt\/barandilla-fija-o-proteccion-temporal-en-cubierta\/","title":{"rendered":"Gradeamento fixo ou prote\u00e7\u00e3o tempor\u00e1ria do conv\u00e9s?"},"content":{"rendered":"<!DOCTYPE html>\n<html lang=\"es\">\n<head>\n  <meta charset=\"UTF-8\">\n  <title>Barandilla fija o protecci\u00f3n temporal en cubierta: c\u00f3mo elegir seg\u00fan el uso real del tejado<\/title>\n  <meta name=\"description\" content=\"Gu\u00eda t\u00e9cnica PRL para elegir entre barandilla fija o protecci\u00f3n temporal en cubiertas seg\u00fan el uso real del tejado, conforme al RD 2177\/2004 y EN 13374.\">\n  <meta name=\"viewport\" content=\"width=device-width, initial-scale=1.0\">\n\n  <!-- SEO -->\n  <link rel=\"canonical\" href=\"https:\/\/www.gapral.es\/blog\/barandilla-fija-o-proteccion-temporal-cubierta\" \/>\n\n  <!-- Schema.org Article -->\n  <script type=\"application\/ld+json\">\n  {\n    \"@context\": \"https:\/\/schema.org\",\n    \"@type\": \"Article\",\n    \"headline\": \"\u00bfBarandilla fija o protecci\u00f3n temporal en cubierta? C\u00f3mo elegir seg\u00fan el uso real del tejado\",\n    \"description\": \"Criterios t\u00e9cnicos y legales para decidir entre barandilla fija o protecci\u00f3n temporal en cubiertas seg\u00fan la frecuencia real de acceso, conforme a la normativa espa\u00f1ola.\",\n    \"author\": {\n      \"@type\": \"Person\",\n      \"name\": \"Departamento T\u00e9cnico Gapral\"\n    },\n    \"publisher\": {\n      \"@type\": \"Organization\",\n      \"name\": \"Gapral\",\n      \"logo\": {\n        \"@type\": \"ImageObject\",\n        \"url\": \"https:\/\/www.gapral.es\/logo.png\"\n      }\n    },\n    \"datePublished\": \"2026-01-11\",\n    \"dateModified\": \"2026-01-11\"\n  }\n  <\/script>\n<\/head>\n\n<body>\n\n<article>\n\n  <header>\n    <h1>Gradeamento fixo ou prote\u00e7\u00e3o tempor\u00e1ria do conv\u00e9s?<\/h1>\n    <p><strong>Como escolher de acordo com a utiliza\u00e7\u00e3o efectiva do telhado<\/strong><\/p>\n    <p><em>Por Gapral Technical Department - janeiro de 2026<\/em><\/p>\n  <\/header>\n\n  <section>\n    <p>\n      A escolha entre um <strong>corrim\u00e3o fixo<\/strong> ou um <strong>prote\u00e7\u00e3o tempor\u00e1ria de telhados<\/strong> \n      n\u00e3o deve basear-se apenas no custo inicial ou na dura\u00e7\u00e3o de uma interven\u00e7\u00e3o. No contexto espanhol\n      do <strong>Preven\u00e7\u00e3o de riscos profissionais (PPO)<\/strong>, Esta decis\u00e3o \u00e9 diretamente condicionada por\n      um fator-chave: <strong>a utiliza\u00e7\u00e3o efectiva e a frequ\u00eancia de acesso ao telhado<\/strong>.\n    <\/p>\n\n    <p>\n      Uma escolha incorrecta n\u00e3o s\u00f3 aumenta o risco de queda, como tamb\u00e9m pode levar a uma \n      <strong>incumprimento grave do Real Decreto 2177\/2004<\/strong>, com consequ\u00eancias administrativas, civis e mesmo penais para a empresa.\n      e mesmo penais para a empresa.\n    <\/p>\n  <\/section>\n\n  <section>\n    <h2>1) Prote\u00e7\u00e3o colectiva: o princ\u00edpio orientador em Espanha<\/h2>\n\n    <p>\n      A legisla\u00e7\u00e3o espanhola estabelece de forma inequ\u00edvoca que o <strong>prioridade da prote\u00e7\u00e3o colectiva<\/strong> \n      em mat\u00e9ria de prote\u00e7\u00e3o individual. O Real Decreto 2177\/2004, em coer\u00eancia com a Lei 31\/1995 sobre PRL,\n      torna obrigat\u00f3ria a elimina\u00e7\u00e3o ou redu\u00e7\u00e3o do risco de queda atrav\u00e9s de solu\u00e7\u00f5es colectivas, sempre que tecnicamente poss\u00edvel.\n    <\/p>\n\n    <p>\n      Nos telhados, isto implica que os guarda-corpos, sistemas de per\u00edmetro ou prote\u00e7\u00e3o equivalente devem ser considerados antes da utiliza\u00e7\u00e3o exclusiva de EPI.\n      O uso exclusivo de EPI de prote\u00e7\u00e3o contra quedas deve ser considerado antes do uso exclusivo de EPI.\n    <\/p>\n  <\/section>\n\n  <section>\n    <h2>2. A utiliza\u00e7\u00e3o efectiva do telhado como crit\u00e9rio decisivo<\/h2>\n\n    <p>Nem todos os telhados t\u00eam o mesmo padr\u00e3o de utiliza\u00e7\u00e3o. De um ponto de vista t\u00e9cnico e jur\u00eddico, podem distinguir-se tr\u00eas cen\u00e1rios:<\/p>\n\n    <h3>Acesso ocasional<\/h3>\n    <ul>\n      <li>Inspec\u00e7\u00f5es pontuais (uma vez por ano).<\/li>\n      <li>Repara\u00e7\u00f5es extraordin\u00e1rias.<\/li>\n      <li>Empregos muito limitados no tempo.<\/li>\n    <\/ul>\n\n    <h3>Acesso peri\u00f3dico<\/h3>\n    <ul>\n      <li>Manuten\u00e7\u00e3o preventiva programada.<\/li>\n      <li>Limpeza de caleiras.<\/li>\n      <li>Revis\u00f5es t\u00e9cnicas recorrentes.<\/li>\n    <\/ul>\n\n    <h3>Acesso frequente ou permanente<\/h3>\n    <ul>\n      <li>Telhados com instala\u00e7\u00f5es fotovoltaicas.<\/li>\n      <li>Equipamento de AVAC, de ar condicionado ou de telecomunica\u00e7\u00f5es.<\/li>\n      <li>Tectos utilizados como \u00e1rea t\u00e9cnica regular.<\/li>\n    <\/ul>\n\n    <p>\n      Quanto maior for a frequ\u00eancia de acesso, maior ser\u00e1 o requisito legal e t\u00e9cnico para implementar um \n      <strong>solu\u00e7\u00e3o colectiva permanente<\/strong>.\n    <\/p>\n  <\/section>\n\n  <section>\n    <h2>3. Guarda-corpos fixos de conv\u00e9s: quando \u00e9 que \u00e9 a escolha certa?<\/h2>\n\n    <p>\n      O <strong>gradeamento perimetral fixo<\/strong> \u00e9 a solu\u00e7\u00e3o mais robusta e consistente para coberturas com utiliza\u00e7\u00e3o recorrente.\n      utiliza\u00e7\u00e3o recorrente. Elimina o risco de queda numa base cont\u00ednua e reduz a depend\u00eancia do comportamento individual do trabalhador.\n      comportamento individual do trabalhador.\n    <\/p>\n\n    <h3>Indica\u00e7\u00f5es comuns<\/h3>\n    <ul>\n      <li>Acesso regular ou frequente ao telhado.<\/li>\n      <li>Presen\u00e7a de instala\u00e7\u00f5es t\u00e9cnicas permanentes.<\/li>\n      <li>Edif\u00edcios industriais, log\u00edsticos ou terci\u00e1rios.<\/li>\n    <\/ul>\n\n    <h3>Principais benef\u00edcios<\/h3>\n    <ul>\n      <li>Prote\u00e7\u00e3o permanente sem necessidade de pr\u00e9-montagem.<\/li>\n      <li>Maior robustez face \u00e0s inspec\u00e7\u00f5es do trabalho.<\/li>\n      <li>Redu\u00e7\u00e3o dos riscos mesmo em caso de erro humano.<\/li>\n    <\/ul>\n\n    <p>\n      Embora a norma UNE-EN 13374 tenha sido concebida para sistemas tempor\u00e1rios, os seus crit\u00e9rios de resist\u00eancia e de geometria s\u00e3o geralmente utilizados como refer\u00eancia t\u00e9cnica para sistemas fixos de prote\u00e7\u00e3o de coberturas.\n      Os seus crit\u00e9rios de resist\u00eancia e de geometria s\u00e3o normalmente utilizados como refer\u00eancia t\u00e9cnica para as coberturas fixas.\n    <\/p>\n  <\/section>\n\n  <section>\n    <h2>4. Prote\u00e7\u00e3o tempor\u00e1ria: limites e condi\u00e7\u00f5es<\/h2>\n\n    <p>\n      Os sistemas de <strong>prote\u00e7\u00e3o tempor\u00e1ria<\/strong> (barreiras de prote\u00e7\u00e3o tempor\u00e1rias, sistemas autoportantes ou redes)\n      s\u00f3 s\u00e3o adequados para situa\u00e7\u00f5es bem definidas.\n    <\/p>\n\n    <h3>Quando podem ser v\u00e1lidos<\/h3>\n    <ul>\n      <li>Obras ou interven\u00e7\u00f5es de dura\u00e7\u00e3o limitada.<\/li>\n      <li>Acesso espor\u00e1dico claramente definido.<\/li>\n      <li>Impossibilidade t\u00e9cnica justificada de uma solu\u00e7\u00e3o fixa.<\/li>\n    <\/ul>\n\n    <p>\n      Estes sistemas devem respeitar rigorosamente as <strong>UNE-EN 13374<\/strong> e n\u00e3o pode ser utilizado indefinidamente como substituto de\n      indefinidamente como substituto de uma prote\u00e7\u00e3o permanente.\n    <\/p>\n  <\/section>\n\n  <section>\n    <h2>5. Compara\u00e7\u00e3o t\u00e9cnica<\/h2>\n\n    <table border=\"1\" cellpadding=\"8\" cellspacing=\"0\">\n      <thead>\n        <tr>\n          <th>Crit\u00e9rio<\/th>\n          <th>Gradeamento fixo<\/th>\n          <th>Prote\u00e7\u00e3o tempor\u00e1ria<\/th>\n        <\/tr>\n      <\/thead>\n      <tbody>\n        <tr>\n          <td>Frequ\u00eancia de acesso<\/td>\n          <td>M\u00e9dia \/ Alta<\/td>\n          <td>Baixo \/ Pontual<\/td>\n        <\/tr>\n        <tr>\n          <td>N\u00edvel de seguran\u00e7a<\/td>\n          <td>Muito elevado<\/td>\n          <td>Elevado (dependente da montagem)<\/td>\n        <\/tr>\n        <tr>\n          <td>Depend\u00eancia do utilizador<\/td>\n          <td>Baja<\/td>\n          <td>Media<\/td>\n        <\/tr>\n        <tr>\n          <td>Custo a longo prazo<\/td>\n          <td>Optimizado<\/td>\n          <td>Pode ser aumentado<\/td>\n        <\/tr>\n      <\/tbody>\n    <\/table>\n  <\/section>\n\n  <section>\n    <h2>6) \u00c9 suficiente uma linha de vida com arn\u00eas?<\/h2>\n\n    <p>\n      Nos telhados com acesso regular, a utiliza\u00e7\u00e3o exclusiva de EPI anti-queda n\u00e3o respeita a hierarquia de controlo dos riscos exigida pela regulamenta\u00e7\u00e3o espanhola.\n      A hierarquia de controlo dos riscos exigida pela regulamenta\u00e7\u00e3o espanhola. Al\u00e9m disso, exige uma forma\u00e7\u00e3o espec\u00edfica,\n      disciplina operacional e uma <strong>plano de salvamento documentado<\/strong>.\n    <\/p>\n\n    <p>\n      Por esta raz\u00e3o, em muitos casos, a Inspe\u00e7\u00e3o do Trabalho considera esta solu\u00e7\u00e3o insuficiente quando existe uma alternativa colectiva vi\u00e1vel.\n      quando existe uma alternativa colectiva vi\u00e1vel.\n    <\/p>\n  <\/section>\n\n  <section>\n    <h2>Conclus\u00e3o: a utiliza\u00e7\u00e3o efectiva das regras de cobertura<\/h2>\n\n    <p>\n      Escolha entre <strong>gradeamento fixo ou prote\u00e7\u00e3o tempor\u00e1ria no conv\u00e9s<\/strong> n\u00e3o \u00e9 uma quest\u00e3o de prefer\u00eancia,\n      mas de coer\u00eancia t\u00e9cnica, jur\u00eddica e preventiva.\n    <\/p>\n\n    <p>\n      Quando o telhado \u00e9 utilizado regularmente, a instala\u00e7\u00e3o de um <strong>prote\u00e7\u00e3o colectiva permanente<\/strong> \n      n\u00e3o s\u00f3 melhora a seguran\u00e7a, como tamb\u00e9m simplifica a gest\u00e3o do PRL e protege a empresa contra san\u00e7\u00f5es e responsabilidades.\n      e responsabilidades.\n    <\/p>\n\n    <p><strong>A quest\u00e3o correta n\u00e3o \u00e9 saber qual a solu\u00e7\u00e3o mais barata, mas sim qual a mais coerente com a utiliza\u00e7\u00e3o real do telhado.<\/strong><\/p>\n  <\/section>\n\n  <footer>\n    <p>\n      Precisa de aconselhamento t\u00e9cnico para o seu telhado?  \n      Consulte a equipa de <a href=\"https:\/\/gapral.es\/pt\/\">Gapral<\/a> e ajudamo-lo a definir a solu\u00e7\u00e3o mais adequada de acordo com a regulamenta\u00e7\u00e3o espanhola.\n    <\/p>\n  <\/footer>\n\n<\/article>\n\n<\/body>\n<\/html>","protected":false},"excerpt":{"rendered":"<p>Barandilla fija o protecci\u00f3n temporal en cubierta: c\u00f3mo elegir seg\u00fan el uso real del tejado \u00bfBarandilla fija o protecci\u00f3n temporal<\/p>","protected":false},"author":5,"featured_media":23528,"comment_status":"open","ping_status":"open","sticky":false,"template":"","format":"standard","meta":{"footnotes":""},"categories":[1],"tags":[],"class_list":["post-23527","post","type-post","status-publish","format-standard","has-post-thumbnail","hentry","category-uncategorized"],"_links":{"self":[{"href":"https:\/\/gapral.es\/pt\/wp-json\/wp\/v2\/posts\/23527","targetHints":{"allow":["GET"]}}],"collection":[{"href":"https:\/\/gapral.es\/pt\/wp-json\/wp\/v2\/posts"}],"about":[{"href":"https:\/\/gapral.es\/pt\/wp-json\/wp\/v2\/types\/post"}],"author":[{"embeddable":true,"href":"https:\/\/gapral.es\/pt\/wp-json\/wp\/v2\/users\/5"}],"replies":[{"embeddable":true,"href":"https:\/\/gapral.es\/pt\/wp-json\/wp\/v2\/comments?post=23527"}],"version-history":[{"count":1,"href":"https:\/\/gapral.es\/pt\/wp-json\/wp\/v2\/posts\/23527\/revisions"}],"predecessor-version":[{"id":23529,"href":"https:\/\/gapral.es\/pt\/wp-json\/wp\/v2\/posts\/23527\/revisions\/23529"}],"wp:featuredmedia":[{"embeddable":true,"href":"https:\/\/gapral.es\/pt\/wp-json\/wp\/v2\/media\/23528"}],"wp:attachment":[{"href":"https:\/\/gapral.es\/pt\/wp-json\/wp\/v2\/media?parent=23527"}],"wp:term":[{"taxonomy":"category","embeddable":true,"href":"https:\/\/gapral.es\/pt\/wp-json\/wp\/v2\/categories?post=23527"},{"taxonomy":"post_tag","embeddable":true,"href":"https:\/\/gapral.es\/pt\/wp-json\/wp\/v2\/tags?post=23527"}],"curies":[{"name":"wp","href":"https:\/\/api.w.org\/{rel}","templated":true}]}}