{"id":23530,"date":"2026-01-11T00:58:21","date_gmt":"2026-01-11T00:58:21","guid":{"rendered":"https:\/\/gapral.es\/?p=23530"},"modified":"2026-01-11T00:58:23","modified_gmt":"2026-01-11T00:58:23","slug":"errores-habituales-en-proteccion-de-bordes-que-provocan-sanciones-de-la-inspeccion-de-trabajo","status":"publish","type":"post","link":"https:\/\/gapral.es\/pt\/errores-habituales-en-proteccion-de-bordes-que-provocan-sanciones-de-la-inspeccion-de-trabajo\/","title":{"rendered":"Erros comuns na prote\u00e7\u00e3o das margens que conduzem a san\u00e7\u00f5es da Inspe\u00e7\u00e3o do Trabalho"},"content":{"rendered":"<!DOCTYPE html>\n<html lang=\"es\">\n<head>\n  <meta charset=\"UTF-8\">\n  <title>Errores habituales en protecci\u00f3n de bordes que provocan sanciones<\/title>\n  <meta name=\"description\" content=\"An\u00e1lisis de los errores m\u00e1s comunes en protecci\u00f3n de bordes que generan sanciones de la Inspecci\u00f3n de Trabajo en Espa\u00f1a y c\u00f3mo evitarlos seg\u00fan la normativa vigente.\">\n  <meta name=\"viewport\" content=\"width=device-width, initial-scale=1.0\">\n\n  <!-- SEO -->\n  <meta name=\"robots\" content=\"index, follow\">\n  <link rel=\"canonical\" href=\"https:\/\/www.gapral.es\/errores-proteccion-bordes-sanciones\">\n\n  <!-- Article Schema -->\n  <script type=\"application\/ld+json\">\n  {\n    \"@context\": \"https:\/\/schema.org\",\n    \"@type\": \"Article\",\n    \"headline\": \"Errores habituales en protecci\u00f3n de bordes que provocan sanciones de la Inspecci\u00f3n de Trabajo\",\n    \"description\": \"Principales errores en protecci\u00f3n de bordes que generan sanciones en Espa\u00f1a y c\u00f3mo evitarlos conforme al Real Decreto 2177\/2004 y la norma UNE-EN 13374.\",\n    \"author\": {\n      \"@type\": \"Person\",\n      \"name\": \"Departamento T\u00e9cnico PRL \u2013 Gapral\"\n    },\n    \"publisher\": {\n      \"@type\": \"Organization\",\n      \"name\": \"Gapral\",\n      \"url\": \"https:\/\/www.gapral.es\"\n    },\n    \"datePublished\": \"2026-01-11\"\n  }\n  <\/script>\n<\/head>\n\n<body>\n\n<article>\n\n  <h1>Erros comuns na prote\u00e7\u00e3o das margens que conduzem a san\u00e7\u00f5es da Inspe\u00e7\u00e3o do Trabalho<\/h1>\n\n  <p>\n    A prote\u00e7\u00e3o dos bordos \u00e9 uma das medidas colectivas mais inspeccionadas nos estaleiros de constru\u00e7\u00e3o, nas obras de cobertura e na manuten\u00e7\u00e3o industrial em Espanha. As quedas de altura continuam a ser uma das principais causas de acidentes graves e mortais, e a regulamenta\u00e7\u00e3o espanhola \u00e9 particularmente rigorosa neste dom\u00ednio.\n  <\/p>\n\n  <p>\n    No entanto, na pr\u00e1tica, continuam a ser detectados erros que d\u00e3o origem a autos de infra\u00e7\u00e3o, \u00e0 paragem imediata dos trabalhos e at\u00e9 \u00e0 responsabilidade penal. Em muitos casos, o problema n\u00e3o \u00e9 a aus\u00eancia total de prote\u00e7\u00e3o, mas uma instala\u00e7\u00e3o incorrecta ou uma escolha inadequada do sistema.\n  <\/p>\n\n  <h2>Porque \u00e9 que a Inspe\u00e7\u00e3o do Trabalho se concentra na prote\u00e7\u00e3o das margens<\/h2>\n\n  <p>\n    O Real Decreto 2177\/2004 estabelece que, em caso de risco de queda de altura, a prote\u00e7\u00e3o colectiva tem prioridade absoluta sobre a prote\u00e7\u00e3o individual. Isto significa que a utiliza\u00e7\u00e3o de arneses ou de linhas de vida n\u00e3o substitui a instala\u00e7\u00e3o de barreiras de prote\u00e7\u00e3o quando tal for tecnicamente poss\u00edvel.\n  <\/p>\n\n  <p>\n    A Inspe\u00e7\u00e3o do Trabalho e da Seguran\u00e7a Social pode ordenar a suspens\u00e3o imediata do trabalho se verificar a exist\u00eancia de um risco grave e iminente decorrente de uma prote\u00e7\u00e3o insuficiente ou inexistente.\n  <\/p>\n\n  <h2>Problema 1: Sistemas de prote\u00e7\u00e3o que n\u00e3o cumprem a norma UNE-EN 13374<\/h2>\n\n  <p>\n    Um dos erros mais frequentes \u00e9 a instala\u00e7\u00e3o de protec\u00e7\u00f5es n\u00e3o certificadas de acordo com a norma UNE-EN 13374. Isto inclui guarda-corpos improvisados feitos de tubos, madeira ou elementos sem testes de resist\u00eancia.\n  <\/p>\n\n  <ul>\n    <li>Utiliza\u00e7\u00e3o de sistemas n\u00e3o classificados (classe A, B ou C).<\/li>\n    <li>Protec\u00e7\u00f5es destinadas apenas a uma delimita\u00e7\u00e3o visual.<\/li>\n    <li>Aus\u00eancia de documenta\u00e7\u00e3o t\u00e9cnica do sistema.<\/li>\n  <\/ul>\n\n  <p>\n    Para a Inspe\u00e7\u00e3o, estes sistemas n\u00e3o garantem a resist\u00eancia necess\u00e1ria ao impulso ou \u00e0 queda.\n  <\/p>\n\n  <h2>Erro 2: Altura insuficiente ou elementos incompletos<\/h2>\n\n  <p>\n    Os regulamentos exigem que a prote\u00e7\u00e3o dos bordos inclua o corrim\u00e3o superior, o corrim\u00e3o interm\u00e9dio e o rodap\u00e9. A aus\u00eancia de qualquer um destes elementos torna o sistema incompleto.\n  <\/p>\n\n  <p>\n    Os corrim\u00e3os demasiado baixos ou sem rodap\u00e9 s\u00e3o penalizados como se n\u00e3o existisse qualquer prote\u00e7\u00e3o, uma vez que n\u00e3o controlam o risco de queda de pessoas e objectos.\n  <\/p>\n\n  <h2>Erro 3: Classe de prote\u00e7\u00e3o inadequada para o talude<\/h2>\n\n  <p>\n    A norma UNE-EN 13374 define tr\u00eas classes de prote\u00e7\u00e3o em fun\u00e7\u00e3o da inclina\u00e7\u00e3o e do risco din\u00e2mico. \u00c9 um erro comum instalar uma classe A num telhado com uma inclina\u00e7\u00e3o superior \u00e0 permitida.\n  <\/p>\n\n  <p>\n    A Inspe\u00e7\u00e3o considera esta pr\u00e1tica como uma falsa sensa\u00e7\u00e3o de seguran\u00e7a, especialmente em telhados industriais ligeiramente inclinados.\n  <\/p>\n\n  <h2>Problema 4: Prote\u00e7\u00e3o ou remo\u00e7\u00e3o descont\u00ednua durante os trabalhos<\/h2>\n\n  <p>\n    \u00c9 comum encontrar sec\u00e7\u00f5es de gradeamento removidas para facilitar o acesso de materiais ou \u00e1reas n\u00e3o fechadas em torno de escadas e equipamento.\n  <\/p>\n\n  <p>\n    Para a Inspe\u00e7\u00e3o, uma borda desprotegida, mesmo que temporariamente, representa um risco grave e iminente e pode justificar a interrup\u00e7\u00e3o imediata da atividade.\n  <\/p>\n\n  <h2>Erro 5: Substituir a prote\u00e7\u00e3o colectiva por EPI sem justifica\u00e7\u00e3o<\/h2>\n\n  <p>\n    A utiliza\u00e7\u00e3o exclusiva de arneses ou linhas de vida n\u00e3o \u00e9 aceit\u00e1vel quando a prote\u00e7\u00e3o colectiva \u00e9 vi\u00e1vel. As raz\u00f5es econ\u00f3micas n\u00e3o s\u00e3o v\u00e1lidas de acordo com o Decreto Real 2177\/2004.\n  <\/p>\n\n  <p>\n    Se a prote\u00e7\u00e3o colectiva n\u00e3o for instalada, deve existir uma justifica\u00e7\u00e3o t\u00e9cnica documentada que demonstre a sua impossibilidade.\n  <\/p>\n\n  <h2>Problema 6: Falta de planeamento e de avalia\u00e7\u00e3o dos riscos<\/h2>\n\n  <p>\n    A prote\u00e7\u00e3o dos bordos deve fazer parte de um planeamento preventivo pr\u00e9vio. A aus\u00eancia de uma avalia\u00e7\u00e3o espec\u00edfica dos riscos e de uma justifica\u00e7\u00e3o t\u00e9cnica adequada \u00e9 uma raz\u00e3o comum para a aplica\u00e7\u00e3o de san\u00e7\u00f5es.\n  <\/p>\n\n  <h2>Problema 7: Falta de forma\u00e7\u00e3o e informa\u00e7\u00e3o dos trabalhadores<\/h2>\n\n  <p>\n    Mesmo com sistemas devidamente instalados, a Inspe\u00e7\u00e3o pode penalizar se os trabalhadores n\u00e3o tiverem recebido forma\u00e7\u00e3o adequada ou n\u00e3o estiverem conscientes das limita\u00e7\u00f5es do sistema de prote\u00e7\u00e3o.\n  <\/p>\n\n  <h2>Como evitar san\u00e7\u00f5es de prote\u00e7\u00e3o das margens<\/h2>\n\n  <ul>\n    <li>Dar sempre prioridade \u00e0 prote\u00e7\u00e3o colectiva em rela\u00e7\u00e3o \u00e0 prote\u00e7\u00e3o individual.<\/li>\n    <li>Utilizar sistemas certificados em conformidade com a norma UNE-EN 13374.<\/li>\n    <li>Selecionar a classe adequada de acordo com a inclina\u00e7\u00e3o real.<\/li>\n    <li>Manter uma prote\u00e7\u00e3o cont\u00ednua durante toda a atividade.<\/li>\n    <li>Documentar a avalia\u00e7\u00e3o dos riscos e as decis\u00f5es t\u00e9cnicas.<\/li>\n    <li>Formar e informar todos os trabalhadores envolvidos.<\/li>\n  <\/ul>\n\n  <h2>Conclus\u00e3o<\/h2>\n\n  <p>\n    A maior parte das san\u00e7\u00f5es em mat\u00e9ria de prote\u00e7\u00e3o dos bordos n\u00e3o se deve \u00e0 aus\u00eancia total de sistemas, mas a decis\u00f5es incorrectas ou a solu\u00e7\u00f5es improvisadas. Em Espanha, a Inspe\u00e7\u00e3o do Trabalho aplica um crit\u00e9rio claro: se houver risco de queda e a prote\u00e7\u00e3o for inadequada, h\u00e1 infra\u00e7\u00e3o.\n  <\/p>\n\n  <p>\n    Investir em prote\u00e7\u00e3o certificada, corretamente instalada e bem planeada n\u00e3o s\u00f3 evita san\u00e7\u00f5es, como tamb\u00e9m protege as vidas das pessoas que trabalham em altura.\n  <\/p>\n\n  <p>\n    <strong>Precisa de verificar ou melhorar a prote\u00e7\u00e3o dos bordos nas suas instala\u00e7\u00f5es?<\/strong> Consultar solu\u00e7\u00f5es profissionais adaptadas \u00e0 regulamenta\u00e7\u00e3o espanhola em <a href=\"https:\/\/gapral.es\/pt\/\">Gapral<\/a>.\n  <\/p>\n\n<\/article>\n\n<\/body>\n<\/html>\n\n\n\n\n<p><\/p>","protected":false},"excerpt":{"rendered":"<p>Errores habituales en protecci\u00f3n de bordes que provocan sanciones Errores habituales en protecci\u00f3n de bordes que provocan sanciones de la<\/p>","protected":false},"author":5,"featured_media":23531,"comment_status":"open","ping_status":"open","sticky":false,"template":"","format":"standard","meta":{"footnotes":""},"categories":[1],"tags":[],"class_list":["post-23530","post","type-post","status-publish","format-standard","has-post-thumbnail","hentry","category-uncategorized"],"_links":{"self":[{"href":"https:\/\/gapral.es\/pt\/wp-json\/wp\/v2\/posts\/23530","targetHints":{"allow":["GET"]}}],"collection":[{"href":"https:\/\/gapral.es\/pt\/wp-json\/wp\/v2\/posts"}],"about":[{"href":"https:\/\/gapral.es\/pt\/wp-json\/wp\/v2\/types\/post"}],"author":[{"embeddable":true,"href":"https:\/\/gapral.es\/pt\/wp-json\/wp\/v2\/users\/5"}],"replies":[{"embeddable":true,"href":"https:\/\/gapral.es\/pt\/wp-json\/wp\/v2\/comments?post=23530"}],"version-history":[{"count":1,"href":"https:\/\/gapral.es\/pt\/wp-json\/wp\/v2\/posts\/23530\/revisions"}],"predecessor-version":[{"id":23532,"href":"https:\/\/gapral.es\/pt\/wp-json\/wp\/v2\/posts\/23530\/revisions\/23532"}],"wp:featuredmedia":[{"embeddable":true,"href":"https:\/\/gapral.es\/pt\/wp-json\/wp\/v2\/media\/23531"}],"wp:attachment":[{"href":"https:\/\/gapral.es\/pt\/wp-json\/wp\/v2\/media?parent=23530"}],"wp:term":[{"taxonomy":"category","embeddable":true,"href":"https:\/\/gapral.es\/pt\/wp-json\/wp\/v2\/categories?post=23530"},{"taxonomy":"post_tag","embeddable":true,"href":"https:\/\/gapral.es\/pt\/wp-json\/wp\/v2\/tags?post=23530"}],"curies":[{"name":"wp","href":"https:\/\/api.w.org\/{rel}","templated":true}]}}