{"id":23533,"date":"2026-01-11T01:04:37","date_gmt":"2026-01-11T01:04:37","guid":{"rendered":"https:\/\/gapral.es\/?p=23533"},"modified":"2026-01-11T01:04:39","modified_gmt":"2026-01-11T01:04:39","slug":"coste-real-de-no-instalar-proteccion-de-bordes-multas-recargos-y-responsabilidad-penal","status":"publish","type":"post","link":"https:\/\/gapral.es\/pt\/coste-real-de-no-instalar-proteccion-de-bordes-multas-recargos-y-responsabilidad-penal\/","title":{"rendered":"Custo real da n\u00e3o instala\u00e7\u00e3o da prote\u00e7\u00e3o dos bordos: coimas, sobretaxas e responsabilidade penal"},"content":{"rendered":"\n<!DOCTYPE html>\n<html lang=\"es\">\n<head>\n  <meta charset=\"utf-8\">\n  <title>Coste real de no instalar protecci\u00f3n de bordes | Multas y responsabilidad penal<\/title>\n  <meta name=\"description\" content=\"An\u00e1lisis t\u00e9cnico y legal del coste real de no instalar protecci\u00f3n de bordes en Espa\u00f1a: multas, recargo de prestaciones y responsabilidad penal seg\u00fan RD 2177\/2004 y EN 13374.\">\n  <meta name=\"viewport\" content=\"width=device-width, initial-scale=1\">\n  <link rel=\"canonical\" href=\"https:\/\/www.gapral.es\/blog\/coste-no-instalar-proteccion-bordes\">\n<\/head>\n\n<body>\n\n<article>\n\n  <h1>Coste real de no instalar protecci\u00f3n de bordes: multas, recargos y responsabilidad penal<\/h1>\n\n  <p><strong>Autor:<\/strong> Equipo t\u00e9cnico PRL Gapral<br>\n     <strong>Fecha:<\/strong> enero 2026<\/p>\n\n  <p>\n    En Espa\u00f1a, no instalar una protecci\u00f3n de bordes adecuada no es solo una mala pr\u00e1ctica preventiva:\n    es una <strong>decisi\u00f3n de alto riesgo econ\u00f3mico, jur\u00eddico y personal<\/strong>. Aunque todav\u00eda se percibe\n    como un \u201ccoste evitable\u201d, la realidad normativa demuestra lo contrario.\n  <\/p>\n\n  <p>\n    Este art\u00edculo analiza el <strong>coste real de la no conformidad<\/strong> en trabajos en altura,\n    especialmente en cubiertas, forjados y per\u00edmetros sin protecci\u00f3n colectiva conforme a la norma\n    <strong>UNE-EN 13374<\/strong>.\n  <\/p>\n\n  <h2>La protecci\u00f3n de bordes no es opcional: es una obligaci\u00f3n legal<\/h2>\n\n  <p>\n    El marco normativo espa\u00f1ol en trabajos en altura es uno de los m\u00e1s estrictos de Europa y se basa\n    en el principio de jerarqu\u00eda preventiva: <strong>protecci\u00f3n colectiva antes que protecci\u00f3n individual<\/strong>.\n  <\/p>\n\n  <ul>\n    <li>Ley 31\/1995 de Prevenci\u00f3n de Riesgos Laborales<\/li>\n    <li><strong>:contentReference[oaicite:1]{index=1}<\/strong><\/li>\n    <li>Real Decreto 1627\/1997 (obras de construcci\u00f3n)<\/li>\n    <li>Norma UNE-EN 13374 (sistemas provisionales de protecci\u00f3n de bordes)<\/li>\n  <\/ul>\n\n  <p>\n    Elegir un arn\u00e9s o una l\u00ednea de vida por ser m\u00e1s baratos que una barandilla colectiva\n    <strong>no es una decisi\u00f3n t\u00e9cnica v\u00e1lida<\/strong> y constituye una infracci\u00f3n en Espa\u00f1a.\n  <\/p>\n\n  <h2>Multas administrativas: sanciones que superan el coste de cualquier sistema<\/h2>\n\n  <p>\n    La <strong>:contentReference[oaicite:2]{index=2}<\/strong>\n    considera la ausencia de protecci\u00f3n de bordes como una infracci\u00f3n grave o muy grave cuando existe\n    riesgo real de ca\u00edda desde m\u00e1s de 2 metros.\n  <\/p>\n\n  <table>\n    <thead>\n      <tr>\n        <th>Tipo de infracci\u00f3n<\/th>\n        <th>Importe m\u00ednimo<\/th>\n        <th>Importe m\u00e1ximo<\/th>\n      <\/tr>\n    <\/thead>\n    <tbody>\n      <tr>\n        <td>Grave<\/td>\n        <td>2.451 \u20ac<\/td>\n        <td>49.180 \u20ac<\/td>\n      <\/tr>\n      <tr>\n        <td>Muy grave<\/td>\n        <td>49.181 \u20ac<\/td>\n        <td><strong>983.736 \u20ac<\/strong><\/td>\n      <\/tr>\n    <\/tbody>\n  <\/table>\n\n  <p>\n    Adem\u00e1s de la sanci\u00f3n econ\u00f3mica, la Inspecci\u00f3n puede ordenar la <strong>paralizaci\u00f3n inmediata\n    de los trabajos<\/strong>, con impacto directo en plazos, contratos y reputaci\u00f3n empresarial.\n  <\/p>\n\n  <h2>Recargo de prestaciones: el coste oculto que no cubre ning\u00fan seguro<\/h2>\n\n  <p>\n    Cuando un accidente se produce por falta de medidas preventivas, la Seguridad Social puede\n    imponer un <strong>recargo del 30% al 50%<\/strong> sobre todas las prestaciones derivadas del accidente.\n  <\/p>\n\n  <ul>\n    <li>El recargo lo paga directamente la empresa<\/li>\n    <li><strong>No es asegurable por ley<\/strong><\/li>\n    <li>Puede mantenerse durante toda la vida de la prestaci\u00f3n<\/li>\n  <\/ul>\n\n  <p>\n    Este recargo puede suponer cientos de miles de euros adicionales, incluso en empresas\n    correctamente aseguradas.\n  <\/p>\n\n  <h2>Responsabilidad penal: cuando la prevenci\u00f3n llega al C\u00f3digo Penal<\/h2>\n\n  <p>\n    La ausencia de protecci\u00f3n colectiva puede derivar en <strong>responsabilidad penal personal<\/strong>\n    para gerentes, jefes de obra o responsables de PRL.\n  <\/p>\n\n  <p>\n    El art\u00edculo 316 del C\u00f3digo Penal sanciona la falta de medios de seguridad cuando se pone en\n    peligro grave a los trabajadores, con penas que incluyen:\n  <\/p>\n\n  <ul>\n    <li>Prisi\u00f3n de 6 meses a 3 a\u00f1os<\/li>\n    <li>Multas personales<\/li>\n    <li>Inhabilitaci\u00f3n profesional<\/li>\n  <\/ul>\n\n  <p>\n    En caso de accidente mortal, el proceso puede derivar en un delito de homicidio imprudente.\n  <\/p>\n\n  \n::contentReference[oaicite:3]{index=3}\n\n\n  <h2>UNE-EN 13374: instalar mal tambi\u00e9n es incumplir<\/h2>\n\n  <p>\n    La norma UNE-EN 13374 clasifica los sistemas de protecci\u00f3n de bordes en tres clases:\n  <\/p>\n\n  <ul>\n    <li><strong>Clase A:<\/strong> superficies horizontales o hasta 10\u00b0<\/li>\n    <li><strong>Clase B:<\/strong> pendientes hasta 30\u00b0<\/li>\n    <li><strong>Clase C:<\/strong> pendientes hasta 45\u00b0<\/li>\n  <\/ul>\n\n  <p>\n    Instalar una clase incorrecta equivale legalmente a no disponer de protecci\u00f3n adecuada.\n  <\/p>\n\n  <h2>Comparativa real de costes<\/h2>\n\n  <table>\n    <thead>\n      <tr>\n        <th>Concepto<\/th>\n        <th>Coste estimado<\/th>\n      <\/tr>\n    <\/thead>\n    <tbody>\n      <tr>\n        <td>Sistema de protecci\u00f3n de bordes EN 13374<\/td>\n        <td>3.000 \u2013 8.000 \u20ac<\/td>\n      <\/tr>\n      <tr>\n        <td>Multa grave<\/td>\n        <td>Hasta 49.180 \u20ac<\/td>\n      <\/tr>\n      <tr>\n        <td>Multa muy grave<\/td>\n        <td>Hasta 983.736 \u20ac<\/td>\n      <\/tr>\n      <tr>\n        <td>Recargo de prestaciones<\/td>\n        <td>No asegurable<\/td>\n      <\/tr>\n      <tr>\n        <td>Responsabilidad penal<\/td>\n        <td>Incalculable<\/td>\n      <\/tr>\n    <\/tbody>\n  <\/table>\n\n  <h2>Conclusi\u00f3n<\/h2>\n\n  <p>\n    En el contexto normativo espa\u00f1ol, la protecci\u00f3n de bordes no es un sobrecoste:\n    es una <strong>inversi\u00f3n cr\u00edtica en continuidad empresarial, seguridad jur\u00eddica\n    y protecci\u00f3n personal del equipo directivo<\/strong>.\n  <\/p>\n\n  <p>\n    En <a href=\"https:\/\/www.gapral.es\">Gapral<\/a> ayudamos a empresas y t\u00e9cnicos de PRL a\n    implementar soluciones de protecci\u00f3n colectiva conformes a normativa, adaptadas\n    al uso real de cada cubierta o estructura.\n  <\/p>\n\n  <p><strong>En prevenci\u00f3n, lo caro no es proteger. Lo caro es no hacerlo.<\/strong><\/p>\n\n<\/article>\n\n<script type=\"application\/ld+json\">\n{\n  \"@context\": \"https:\/\/schema.org\",\n  \"@type\": \"Article\",\n  \"headline\": \"Coste real de no instalar protecci\u00f3n de bordes\",\n  \"author\": {\n    \"@type\": \"Organization\",\n    \"name\": \"Gapral\"\n  },\n  \"publisher\": {\n    \"@type\": \"Organization\",\n    \"name\": \"Gapral\",\n    \"url\": \"https:\/\/www.gapral.es\"\n  },\n  \"datePublished\": \"2026-01-01\",\n  \"inLanguage\": \"es-ES\"\n}\n<\/script>\n\n<\/body>\n<\/html>\n\n","protected":false},"excerpt":{"rendered":"<p>Coste real de no instalar protecci\u00f3n de bordes | Multas y responsabilidad penal Coste real de no instalar protecci\u00f3n de<\/p>","protected":false},"author":5,"featured_media":23534,"comment_status":"open","ping_status":"open","sticky":false,"template":"","format":"standard","meta":{"footnotes":""},"categories":[1],"tags":[],"class_list":["post-23533","post","type-post","status-publish","format-standard","has-post-thumbnail","hentry","category-uncategorized"],"_links":{"self":[{"href":"https:\/\/gapral.es\/pt\/wp-json\/wp\/v2\/posts\/23533","targetHints":{"allow":["GET"]}}],"collection":[{"href":"https:\/\/gapral.es\/pt\/wp-json\/wp\/v2\/posts"}],"about":[{"href":"https:\/\/gapral.es\/pt\/wp-json\/wp\/v2\/types\/post"}],"author":[{"embeddable":true,"href":"https:\/\/gapral.es\/pt\/wp-json\/wp\/v2\/users\/5"}],"replies":[{"embeddable":true,"href":"https:\/\/gapral.es\/pt\/wp-json\/wp\/v2\/comments?post=23533"}],"version-history":[{"count":1,"href":"https:\/\/gapral.es\/pt\/wp-json\/wp\/v2\/posts\/23533\/revisions"}],"predecessor-version":[{"id":23535,"href":"https:\/\/gapral.es\/pt\/wp-json\/wp\/v2\/posts\/23533\/revisions\/23535"}],"wp:featuredmedia":[{"embeddable":true,"href":"https:\/\/gapral.es\/pt\/wp-json\/wp\/v2\/media\/23534"}],"wp:attachment":[{"href":"https:\/\/gapral.es\/pt\/wp-json\/wp\/v2\/media?parent=23533"}],"wp:term":[{"taxonomy":"category","embeddable":true,"href":"https:\/\/gapral.es\/pt\/wp-json\/wp\/v2\/categories?post=23533"},{"taxonomy":"post_tag","embeddable":true,"href":"https:\/\/gapral.es\/pt\/wp-json\/wp\/v2\/tags?post=23533"}],"curies":[{"name":"wp","href":"https:\/\/api.w.org\/{rel}","templated":true}]}}